{"id":108,"date":"2010-12-15T08:29:03","date_gmt":"2010-12-15T08:29:03","guid":{"rendered":"https:\/\/www.xn--seguradebaos-jhb.com\/index.php\/2010\/12\/15\/teatro-a-beneficio-de-fundacion-vicente-ferrer\/"},"modified":"2010-12-15T08:29:03","modified_gmt":"2010-12-15T08:29:03","slug":"teatro-a-beneficio-de-fundacion-vicente-ferrer","status":"publish","type":"post","link":"https:\/\/www.seguradeba\u00f1os.com\/index.php\/2010\/12\/15\/teatro-a-beneficio-de-fundacion-vicente-ferrer\/","title":{"rendered":"Teatro a beneficio de Fundaci\u00f3n Vicente Ferrer"},"content":{"rendered":"<table cellpadding=\"0\" cellspacing=\"0\" border=\"0\" class=\"yiv1613259835yiv1932326297\" id=\"yiv1613259835yiv1932326297bodyDrftID\">\n<tbody>\n<tr>\n<td id=\"yiv1613259835yiv1932326297drftMsgContent\">\n<div id=\"yiv1613259835yiv1932326297yiv1593776014\">\n<div><\/div>\n<div><\/div>\n<div><\/div>\n<p style=\"text-align: center;\"><img loading=\"lazy\" decoding=\"async\" height=\"100\" width=\"580\" src=\"http:\/\/www.fundacionvicenteferrer.org\/mailing\/colaboradores\/fundacion-vicente-ferrer.jpg\" \/><\/p>\n<div>\n<div>\n<p>\u00a0<\/p>\n<\/div>\n<\/div>\n<p style=\"text-align: center;\"><img loading=\"lazy\" decoding=\"async\" height=\"47\" width=\"260\" src=\"http:\/\/www.fundacionvicenteferrer.org\/mailing\/colaboradores\/logo.gif\" alt=\"Fundaci\u00f3n Vicente Ferrer\" border=\"0\" \/><\/p>\n<div><\/div>\n<div>El grupo de voluntarios \u201cAmigos de la Fundaci\u00f3n Vicente Ferrer de Zaragoza\u201d ha organizado un Festival navide\u00f1o para recaudar fondos para la Fundaci\u00f3n Vicente Ferrer.<\/div>\n<p class=\"yiv1613259835yiv1932326297yiv1593776014yiv567011683yiv1711665198yiv30363526yiv1581408008yiv1848547620yiv778844251MsoNormal\">Este festival contar\u00e1 con la actuaci\u00f3n de Mari Galindo en \u201cLas tres Mar\u00edas\u201d y de Desabillhadas en \u201cZankadas\u201d.\u00a0El acto ser\u00e1\u00a0presentado por\u00a0Mar\u00eda Fillat. Se har\u00e1 un sorteo de productos\u00a0que han sido donados\u00a0por parte de Chocolates Lacasa, Perfumer\u00edas If y Balay.<\/p>\n<p class=\"yiv1613259835yiv1932326297yiv1593776014yiv567011683yiv1711665198yiv30363526yiv1581408008yiv1848547620yiv778844251MsoNormal\">\u00a0<\/p>\n<p class=\"yiv1613259835yiv1932326297yiv1593776014yiv567011683yiv1711665198yiv30363526yiv1581408008yiv1848547620yiv778844251MsoNormal\"><strong>Ubicaci\u00f3n:<\/strong> Colegio Mayor Universitario Pedro Cerbuna (Zaragoza)<\/p>\n<p class=\"yiv1613259835yiv1932326297yiv1593776014yiv567011683yiv1711665198yiv30363526yiv1581408008yiv1848547620yiv778844251MsoNormal\"><strong>D\u00eda:<\/strong> 16 de diciembre<\/p>\n<p class=\"yiv1613259835yiv1932326297yiv1593776014yiv567011683yiv1711665198yiv30363526yiv1581408008yiv1848547620yiv778844251MsoNormal\"><strong>Hora:<\/strong> 20:30h.<\/p>\n<p class=\"yiv1613259835yiv1932326297yiv1593776014yiv567011683yiv1711665198yiv30363526yiv1581408008yiv1848547620yiv778844251MsoNormal\"><strong>Precio:<\/strong> 6 euros<\/p>\n<p class=\"yiv1613259835yiv1932326297yiv1593776014yiv567011683yiv1711665198yiv30363526yiv1581408008yiv1848547620yiv778844251MsoNormal\">\u00a0<\/p>\n<p class=\"yiv1613259835yiv1932326297yiv1593776014yiv567011683yiv1711665198yiv30363526yiv1581408008yiv1848547620yiv778844251MsoNormal\">Venta de entradas en C.M.U Pedro Cerbuna antes de la actuaci\u00f3n. El dinero recaudado se destinar\u00e1 al programa de becas de la Fundaci\u00f3n Vicente Ferrer.<\/p>\n<p class=\"yiv1613259835yiv1932326297yiv1593776014yiv567011683yiv1711665198yiv30363526yiv1581408008yiv1848547620yiv778844251MsoNormal\">Te animamos a que acudas con tus amigos y familiares.<\/p>\n<p class=\"yiv1613259835yiv1932326297yiv1593776014yiv567011683yiv1711665198yiv30363526yiv1581408008yiv1848547620yiv778844251MsoNormal\">Mar\u00eda Mart\u00ednez Cerrada<\/p>\n<p class=\"yiv1613259835yiv1932326297yiv1593776014yiv567011683yiv1711665198yiv30363526yiv1581408008yiv1848547620yiv778844251MsoNormal\"><a target=\"_blank\" rel=\"nofollow\" href=\"http:\/\/es.mc258.mail.yahoo.com\/mc\/compose?to=zaragoza@fundacionvicenteferrer.org\">zaragoza@fundacionvicenteferrer.org<\/a> ; 653537405<\/p>\n<p class=\"yiv1613259835yiv1932326297yiv1593776014yiv567011683yiv1711665198yiv30363526yiv1581408008yiv1848547620yiv778844251MsoNormal\">Representante de Fundaci\u00f3n Vicente Ferrer en Zaragoza<\/p>\n<table cellpadding=\"0\" cellspacing=\"0\" border=\"0\" style=\"width: 600px;\">\n<tbody>\n<tr>\n<td width=\"48\"><\/td>\n<td><\/td>\n<\/tr>\n<\/tbody>\n<\/table>\n<p class=\"yiv1613259835yiv1932326297yiv1593776014yiv567011683yiv1711665198yiv30363526yiv1581408008yiv1848547620yiv778844251MsoNormal\">\u00a0<\/p>\n<div align=\"left\" style=\"text-align: center;\"><a target=\"_blank\" rel=\"nofollow\" href=\"http:\/\/correo.fundacionvicenteferrer.org\/exchweb\/bin\/redir.asp?URL=http:\/\/www.fundacionvicenteferrer.org\/\"><img decoding=\"async\" src=\"http:\/\/www.fundacionvicenteferrer.org\/img\/banners\/468x60.gif\" alt=\"Trabajamos para que el futuro est\u00e9 en sus manos\" border=\"0\" \/><\/a><\/div>\n<div><\/div>\n<div>&#8212;&#8212;&#8212;&#8212;&#8211;<br \/>La Fundaci\u00f3n Vicente Ferrer, con domicilio en, Calle Par\u00eds n\u00ba 71, 3\u00aa planta, c\u00f3digo postal 08029, garantiza el ejercicio de los derechos de acceso, rectificaci\u00f3n, cancelaci\u00f3n y oposici\u00f3n de los datos facilitados. Si no deseas recibir informaci\u00f3n por correo electr\u00f3nico, por favor escr\u00edbenos a <a target=\"_blank\" rel=\"nofollow\" href=\"http:\/\/correo.fundacionvicenteferrer.org\/exchweb\/bin\/redir.asp?URL=http:\/\/es.mc258.mail.yahoo.com\/mc\/compose?to=bcncentral@fundacionvicenteferrer.org\">bcncentral@fundacionvicenteferrer.org<\/a> indic\u00e1ndonos tus datos de referencia. <br \/>\u00a0<\/div>\n<div><\/div>\n<\/div>\n<\/td>\n<\/tr>\n<\/tbody>\n<\/table>\n<p><\/p>\n<div class=\"contentbuttonbar msgview clearfix\" id=\"contentbuttonbarbottom\"><\/div>\n","protected":false},"excerpt":{"rendered":"<p>\u00a0 El grupo de voluntarios \u201cAmigos de la Fundaci\u00f3n Vicente Ferrer de Zaragoza\u201d ha organizado un Festival navide\u00f1o para recaudar fondos para la Fundaci\u00f3n Vicente Ferrer. Este festival contar\u00e1 con la actuaci\u00f3n de Mari Galindo en \u201cLas tres Mar\u00edas\u201d y de Desabillhadas en \u201cZankadas\u201d.\u00a0El acto ser\u00e1\u00a0presentado por\u00a0Mar\u00eda Fillat. Se har\u00e1 un sorteo de productos\u00a0que han [&hellip;]<\/p>\n","protected":false},"author":1,"featured_media":0,"comment_status":"open","ping_status":"open","sticky":false,"template":"","format":"standard","meta":{"ngg_post_thumbnail":0,"footnotes":""},"categories":[67],"tags":[],"class_list":["post-108","post","type-post","status-publish","format-standard","hentry","category-noticias-asociacion-2"],"_links":{"self":[{"href":"https:\/\/www.seguradeba\u00f1os.com\/index.php\/wp-json\/wp\/v2\/posts\/108","targetHints":{"allow":["GET"]}}],"collection":[{"href":"https:\/\/www.seguradeba\u00f1os.com\/index.php\/wp-json\/wp\/v2\/posts"}],"about":[{"href":"https:\/\/www.seguradeba\u00f1os.com\/index.php\/wp-json\/wp\/v2\/types\/post"}],"author":[{"embeddable":true,"href":"https:\/\/www.seguradeba\u00f1os.com\/index.php\/wp-json\/wp\/v2\/users\/1"}],"replies":[{"embeddable":true,"href":"https:\/\/www.seguradeba\u00f1os.com\/index.php\/wp-json\/wp\/v2\/comments?post=108"}],"version-history":[{"count":0,"href":"https:\/\/www.seguradeba\u00f1os.com\/index.php\/wp-json\/wp\/v2\/posts\/108\/revisions"}],"wp:attachment":[{"href":"https:\/\/www.seguradeba\u00f1os.com\/index.php\/wp-json\/wp\/v2\/media?parent=108"}],"wp:term":[{"taxonomy":"category","embeddable":true,"href":"https:\/\/www.seguradeba\u00f1os.com\/index.php\/wp-json\/wp\/v2\/categories?post=108"},{"taxonomy":"post_tag","embeddable":true,"href":"https:\/\/www.seguradeba\u00f1os.com\/index.php\/wp-json\/wp\/v2\/tags?post=108"}],"curies":[{"name":"wp","href":"https:\/\/api.w.org\/{rel}","templated":true}]}}