{"id":131,"date":"2011-04-15T18:00:18","date_gmt":"2011-04-15T18:00:18","guid":{"rendered":"https:\/\/www.xn--seguradebaos-jhb.com\/index.php\/2011\/04\/15\/virgen-de-la-aliaga-2011\/"},"modified":"2011-04-15T18:00:18","modified_gmt":"2011-04-15T18:00:18","slug":"virgen-de-la-aliaga-2011","status":"publish","type":"post","link":"https:\/\/www.seguradeba\u00f1os.com\/index.php\/2011\/04\/15\/virgen-de-la-aliaga-2011\/","title":{"rendered":"VIRGEN DE LA ALIAGA 2011"},"content":{"rendered":"<p><span style=\"font-family: comic sans ms,sans-serif;\"><span style=\"font-size: 12pt;\" class=\"pagenavbar\"><span style=\"color: #008000;\"><span class=\"fs2\"><span style=\"font-size: 18pt;\">9\u00ba Camino de Segura de los Ba\u00f1os a la Virgen de la Aliaga.<\/span><\/span><\/span><\/span><\/span><\/p>\n<p><span style=\"font-size: 12pt;\"><span style=\"font-family: arial,helvetica,sans-serif;\">Al llegar estas fechas, como en a\u00f1os anteriores, me siento orgulloso de ser de Segura de los Ba\u00f1os y poder acudir as\u00ed como redactar este Art\u00edculo del camino a la Virgen de la Aliaga.<\/span><\/span><\/p>\n<p><span style=\"font-size: 12pt;\"><span style=\"font-family: arial,helvetica,sans-serif;\"><img loading=\"lazy\" decoding=\"async\" alt=\"DSCF0300 [640x480]-2\" src=\"doc\/Miguel Millan\/Articulo Virgen Aliaga 2011\/DSCF0300 [640x480]-2.JPG\" width=\"640\" height=\"396\" \/><\/span><\/span><\/p>\n<p>\u00a0<\/p>\n<p><span style=\"font-size: 12pt;\" \/><span style=\"font-family: arial,helvetica,sans-serif;\" \/> <\/p>\n<p><\/span><\/span><\/p>\n<div><\/div>\n<p><span style=\"font-size: 12pt;\"><span style=\"font-family: arial,helvetica,sans-serif;\">Hace d\u00edas que estamos ultimando todos los preparativos \u00a0de esta festividad, para que la misma salga mejor cada a\u00f1o y ver como la participaci\u00f3n de caminantes va aumentando, ya que nuestro deseo es ir conservando las costumbres de nuestros antepasados y recuperar algunas mas que se han ido perdiendo, ya que los tiempos han cambiado mucho.<\/span><\/span><\/p>\n<p><span style=\"font-size: 12pt;\"><span style=\"font-family: arial,helvetica,sans-serif;\">Siempre ha sido el d\u00eda de ir a la Virgen de la Aliaga, el segundo s\u00e1bado de mayo, este a\u00f1o es el 14 de mayo; faltando menos de un mes y cuando nos demos cuenta ya estamos andando por el camino que nos llevar\u00e1 al Santuario de la Virgen.<\/span><\/span><\/p>\n<p><span style=\"font-size: 12pt;\"><span style=\"font-family: arial,helvetica,sans-serif;\">Este a\u00f1o animamos a los mozos que lleven el estandarte ya que es un s\u00edmbolo tradicional de este d\u00eda y lleva unos a\u00f1os sin acompa\u00f1arnos.<\/span><\/span><\/p>\n<p><span style=\"font-size: 12pt;\"><span style=\"font-family: arial,helvetica,sans-serif;\"><img loading=\"lazy\" decoding=\"async\" alt=\"CIMG0073 [640x480]\" src=\"doc\/Miguel Millan\/Articulo Virgen Aliaga 2011\/CIMG0073 [640x480].JPG\" width=\"640\" height=\"480\" \/><\/span><\/span><\/p>\n<p><span style=\"font-size: 12pt;\"><span style=\"font-family: arial,helvetica,sans-serif;\">Desde estas l\u00edneas queremos animar a la gente a que nos acompa\u00f1e andando. Para apuntarse lo pod\u00e9is hacer en el Bar de Segura, como novedad este a\u00f1o pod\u00e9is enviarnos un correo electr\u00f3nico\u00a0(<\/span><\/span><a href=\"mailto:j_millan@hotmail.com\"><span style=\"font-size: 12pt;\"><span style=\"font-family: arial,helvetica,sans-serif;\">j_millan@hotmail.com<\/span><\/span><\/a><span style=\"font-size: 12pt;\"><span style=\"font-family: arial,helvetica,sans-serif;\">)\u00a0e iremos poniendo una lista en la p\u00e1gina web del pueblo (www.seguradeba\u00f1os.com). Saber el n\u00famero de personas nos facilita en hacer las camisetas y las gorras; as\u00ed como la previsi\u00f3n del avituallamiento a medio camino.<\/span><\/span><\/p>\n<p><img loading=\"lazy\" decoding=\"async\" alt=\"DSCF0261 [640x480]\" src=\"doc\/Miguel Millan\/Articulo Virgen Aliaga 2011\/DSCF0261 [640x480].JPG\" width=\"640\" height=\"480\" \/><\/p>\n","protected":false},"excerpt":{"rendered":"<p><span style=\"font-family: comic sans ms,sans-serif;\"><span style=\"font-size: 12pt;\" class=\"pagenavbar\"><span style=\"color: #008000;\"><span class=\"fs2\"><span style=\"font-size: 18pt;\">9\u00ba Camino de Segura de los Ba\u00f1os a la Virgen de la Aliaga.<\/span><\/span><\/span><\/span><\/span><\/p>\n<p><span style=\"font-size: 12pt;\"><span style=\"font-family: arial,helvetica,sans-serif;\">Al llegar estas fechas, como en a\u00f1os anteriores, me siento orgulloso de ser de Segura de los Ba\u00f1os y poder acudir as\u00ed como redactar este Art\u00edculo del camino a la Virgen de la Aliaga.<\/span><\/span><\/p>\n<p><span style=\"font-size: 12pt;\"><span style=\"font-family: arial,helvetica,sans-serif;\"><img loading=\"lazy\" decoding=\"async\" alt=\"DSCF0300 [640x480]-2\" src=\"doc\/Miguel Millan\/Articulo Virgen Aliaga 2011\/DSCF0300 [640x480]-2.JPG\" width=\"640\" height=\"396\" \/><\/span><\/span><\/p>\n<p>\u00a0<\/p>\n<p><span style=\"font-size: 12pt;\" \/><span style=\"font-family: arial,helvetica,sans-serif;\" \/> <\/p>\n","protected":false},"author":1,"featured_media":0,"comment_status":"open","ping_status":"open","sticky":false,"template":"","format":"standard","meta":{"ngg_post_thumbnail":0,"footnotes":""},"categories":[30],"tags":[],"class_list":["post-131","post","type-post","status-publish","format-standard","hentry","category-virgen"],"_links":{"self":[{"href":"https:\/\/www.seguradeba\u00f1os.com\/index.php\/wp-json\/wp\/v2\/posts\/131","targetHints":{"allow":["GET"]}}],"collection":[{"href":"https:\/\/www.seguradeba\u00f1os.com\/index.php\/wp-json\/wp\/v2\/posts"}],"about":[{"href":"https:\/\/www.seguradeba\u00f1os.com\/index.php\/wp-json\/wp\/v2\/types\/post"}],"author":[{"embeddable":true,"href":"https:\/\/www.seguradeba\u00f1os.com\/index.php\/wp-json\/wp\/v2\/users\/1"}],"replies":[{"embeddable":true,"href":"https:\/\/www.seguradeba\u00f1os.com\/index.php\/wp-json\/wp\/v2\/comments?post=131"}],"version-history":[{"count":0,"href":"https:\/\/www.seguradeba\u00f1os.com\/index.php\/wp-json\/wp\/v2\/posts\/131\/revisions"}],"wp:attachment":[{"href":"https:\/\/www.seguradeba\u00f1os.com\/index.php\/wp-json\/wp\/v2\/media?parent=131"}],"wp:term":[{"taxonomy":"category","embeddable":true,"href":"https:\/\/www.seguradeba\u00f1os.com\/index.php\/wp-json\/wp\/v2\/categories?post=131"},{"taxonomy":"post_tag","embeddable":true,"href":"https:\/\/www.seguradeba\u00f1os.com\/index.php\/wp-json\/wp\/v2\/tags?post=131"}],"curies":[{"name":"wp","href":"https:\/\/api.w.org\/{rel}","templated":true}]}}