{"id":166,"date":"2012-02-12T18:45:10","date_gmt":"2012-02-12T18:45:10","guid":{"rendered":"https:\/\/www.xn--seguradebaos-jhb.com\/index.php\/2012\/02\/12\/bajo-cero\/"},"modified":"2012-02-12T18:45:10","modified_gmt":"2012-02-12T18:45:10","slug":"bajo-cero","status":"publish","type":"post","link":"https:\/\/www.seguradeba\u00f1os.com\/index.php\/2012\/02\/12\/bajo-cero\/","title":{"rendered":"BAJO CERO"},"content":{"rendered":"<div style=\"text-align: justify;\"><img loading=\"lazy\" decoding=\"async\" style=\"float: left;\" alt=\"100kg\" src=\"doc\/Javi\/100kg.jpg\" height=\"240\" width=\"144\" \/><span style=\"font-size: 12pt;\"><span style=\"font-family: comic sans ms,sans-serif;\"><img loading=\"lazy\" decoding=\"async\" style=\"float: right;\" alt=\"20kg\" src=\"doc\/Javi\/20kg.jpg\" height=\"240\" width=\"320\" \/><\/span><\/span><span style=\"font-family: comic sans ms,sans-serif; font-size: 12pt;\">\u00a1\u00a1\u00a1\u00a1Por f\u00edn llega el invierno a Segura de Ba\u00f1os!!!!!<\/span><br \/><span style=\"font-size: 12pt;\"><span style=\"font-family: comic sans ms,sans-serif;\">Est\u00e1 haciendo muuucho fr\u00edo, tanto que el abrevador se ha congelado como pod\u00e9is ver en las fotos, hasta poder soportar casi 100 kilos de peso. Verlo congelado no es inusual,\u00a0 pero esta semana,\u00a0 el fr\u00edo glaciar que sufrimos en toda Espa\u00f1a, ha hecho que nuestro querido abrevador tenga m\u00e1s de 10 cm de espesor de hielo.<\/span><\/span><br \/><span style=\"font-size: 12pt;\"><span style=\"font-family: comic sans ms,sans-serif;\">Apenas han estado a una temperatura superior a cero grados durante toda la semana y eso ha hecho que los pocos habitantes de Segura no hayan podido pr\u00e1cticamente salir a la calle, lo justo para comprar el pan.<\/span><\/span><\/div>\n","protected":false},"excerpt":{"rendered":"<p>\u00a1\u00a1\u00a1\u00a1Por f\u00edn llega el invierno a Segura de Ba\u00f1os!!!!!Est\u00e1 haciendo muuucho fr\u00edo, tanto que el abrevador se ha congelado como pod\u00e9is ver en las fotos, hasta poder soportar casi 100 kilos de peso. Verlo congelado no es inusual,\u00a0 pero esta semana,\u00a0 el fr\u00edo glaciar que sufrimos en toda Espa\u00f1a, ha hecho que nuestro querido abrevador [&hellip;]<\/p>\n","protected":false},"author":1,"featured_media":0,"comment_status":"open","ping_status":"open","sticky":false,"template":"","format":"standard","meta":{"ngg_post_thumbnail":0,"footnotes":""},"categories":[1],"tags":[],"class_list":["post-166","post","type-post","status-publish","format-standard","hentry","category-pueblo"],"_links":{"self":[{"href":"https:\/\/www.seguradeba\u00f1os.com\/index.php\/wp-json\/wp\/v2\/posts\/166","targetHints":{"allow":["GET"]}}],"collection":[{"href":"https:\/\/www.seguradeba\u00f1os.com\/index.php\/wp-json\/wp\/v2\/posts"}],"about":[{"href":"https:\/\/www.seguradeba\u00f1os.com\/index.php\/wp-json\/wp\/v2\/types\/post"}],"author":[{"embeddable":true,"href":"https:\/\/www.seguradeba\u00f1os.com\/index.php\/wp-json\/wp\/v2\/users\/1"}],"replies":[{"embeddable":true,"href":"https:\/\/www.seguradeba\u00f1os.com\/index.php\/wp-json\/wp\/v2\/comments?post=166"}],"version-history":[{"count":0,"href":"https:\/\/www.seguradeba\u00f1os.com\/index.php\/wp-json\/wp\/v2\/posts\/166\/revisions"}],"wp:attachment":[{"href":"https:\/\/www.seguradeba\u00f1os.com\/index.php\/wp-json\/wp\/v2\/media?parent=166"}],"wp:term":[{"taxonomy":"category","embeddable":true,"href":"https:\/\/www.seguradeba\u00f1os.com\/index.php\/wp-json\/wp\/v2\/categories?post=166"},{"taxonomy":"post_tag","embeddable":true,"href":"https:\/\/www.seguradeba\u00f1os.com\/index.php\/wp-json\/wp\/v2\/tags?post=166"}],"curies":[{"name":"wp","href":"https:\/\/api.w.org\/{rel}","templated":true}]}}