{"id":176,"date":"2012-06-21T18:41:59","date_gmt":"2012-06-21T18:41:59","guid":{"rendered":"https:\/\/www.xn--seguradebaos-jhb.com\/index.php\/2012\/06\/21\/virgen-de-la-aliaga-2012-3\/"},"modified":"2012-06-21T18:41:59","modified_gmt":"2012-06-21T18:41:59","slug":"virgen-de-la-aliaga-2012-3","status":"publish","type":"post","link":"https:\/\/www.seguradeba\u00f1os.com\/index.php\/2012\/06\/21\/virgen-de-la-aliaga-2012-3\/","title":{"rendered":"VIRGEN DE LA ALIAGA 2012"},"content":{"rendered":"<p style=\"text-align: center;\"><span style=\"font-size: 10pt;\"><span style=\"font-family: times new roman,times;\"><span style=\"font-size: 12pt;\"><strong><span style=\"font-size: 14pt;\"><span style=\"color: #008000;\"><span style=\"font-family: comic sans ms,sans-serif;\">VIRGEN DE LA ALIAGA 2012.<\/span><\/span><\/span><\/strong><\/span><\/span><\/span><\/p>\n<p style=\"text-align: center;\">\u00a0<\/p>\n<p style=\"text-align: center;\"><span style=\"font-size: 10pt;\"><span style=\"font-family: times new roman,times;\"><span style=\"font-size: 12pt;\"><strong><span style=\"font-size: 14pt;\"><span style=\"color: #008000;\">AL FINAL BATIMOS EL RECORD DE CAMINANTES (101 PERSONAS) <\/span><\/span><\/strong><\/span><\/span><\/span><\/p>\n<p style=\"text-align: justify;\">\u00a0<\/p>\n<p><span style=\"font-size: 12pt;\"><span style=\"font-family: times new roman,times;\">El viernes por la tarde y bien entrada la noche, la carretera parec\u00eda una caravana de coches y eran las personas que ven\u00edan a celebrar el d\u00eda de la Virgen de la Aliaga y muchos de ellos fueron los que nos acompa\u00f1aron andando.<\/span><\/span><\/p>\n<p><span style=\"font-family: times new roman,times;\"><span style=\"font-size: 12pt;\">El segundo s\u00e1bado de mayo, este a\u00f1o fue el d\u00eda 12, para Segura de los Ba\u00f1os es un d\u00eda festivo, quedando pr\u00e1cticamente el pueblo vac\u00edo, ya que la costumbre de ir a la Virgen de la Aliaga es mas que centenaria y esperamos que se vaya continuando muchos a\u00f1os mas.<\/span><\/span><\/p>\n<p style=\"text-align: justify;\"><span style=\"font-size: 10pt;\"><span style=\"font-family: times new roman,times;\"><span style=\"font-size: 12pt;\"><span style=\"font-size: 10pt;\"><span style=\"font-family: times new roman,times;\"><span style=\"font-size: 12pt;\">Las calles que confluyen con la plaza de la Iglesia, lugar de concentraci\u00f3n de todos los caminantes que hacemos el camino andando era un desfile de personas impresionante; en el Teleclub se hizo el reparto de la camiseta y gorra tradicional de cada a\u00f1o; con el repique de campanas de la iglesia se anunciaba la festividad que caracteriza este d\u00eda.<\/span><\/span><\/span><\/span><\/span><\/span><\/p>\n<p style=\"text-align: center;\"><span style=\"font-size: 10pt;\"><span style=\"font-family: times new roman,times;\"><span style=\"font-size: 12pt;\"><span style=\"font-size: 10pt;\"><span style=\"font-family: times new roman,times;\"><span style=\"font-size: 12pt;\"><img loading=\"lazy\" decoding=\"async\" height=\"426\" width=\"640\" src=\"doc\/Miguel Millan\/Virgen Aliaga 2012 - despues\/articulo\/DSC_0949 [640x480].JPG\" alt=\"DSC_0949 [640x480]\" \/><\/span><\/span><\/span><\/span><\/span><\/span><\/p>\n<p style=\"text-align: justify;\"><span style=\"font-size: 10pt;\"><span style=\"font-family: times new roman,times;\"><span style=\"font-size: 12pt;\"><span style=\"font-family: times new roman,times;\"><span style=\"font-size: 12pt;\">En el 10\u00ba a\u00f1o que organiza la Asociaci\u00f3n \u201cEl Castillo\u201d, el camino de Segura de los Ba\u00f1os a la Virgen de la Aliaga, se ha podido batir el record de caminantes, habiendo llegado a 101 personas; la juventud cada a\u00f1o se va en incrementando.<\/span><\/span><\/span><\/span><\/span><\/p>\n<p style=\"text-align: center;\"><span style=\"font-size: 10pt;\"><span style=\"font-family: times new roman,times;\"><span style=\"font-size: 12pt;\"><span style=\"font-family: times new roman,times;\"><span style=\"font-size: 12pt;\"><img loading=\"lazy\" decoding=\"async\" height=\"426\" width=\"640\" src=\"doc\/Miguel Millan\/Virgen Aliaga 2012 - despues\/articulo\/DSC_0957 [640x480].JPG\" alt=\"DSC_0957 [640x480]\" \/><\/span><\/span><\/span><\/span><\/span><\/p>\n<p><span style=\"font-size: 10pt;\" \/><span style=\"font-family: times new roman,times;\" \/><span style=\"font-size: 12pt;\" \/><\/p>\n<p style=\"text-align: justify;\">Al pasar por las calles del pueblo, la gente que luego ir\u00edan en coches hasta el Santuario de la Virgen, salieron a la calle y balcones y quedaban sorprendidos del numero de personas que \u00edbamos andando y nos animaban a continuar; la primera parada fue en el peir\u00f3n de la bomba dedicado a San Antonio; a partir de entonces es cuando verdaderamente comienza el camino y debido al mal estado del camino ten\u00edamos que ir en fila de dos, lo cual creaba una verdadera hilera la cual impresionaba; continuamos por los \u201cojuelos\u201d donde este a\u00f1o no pudimos o\u00edr el canto de las aves, se ve que al ver tanta gente quedaron asustadas.<\/p>\n<p style=\"text-align: center;\"><img loading=\"lazy\" decoding=\"async\" height=\"480\" width=\"640\" src=\"doc\/Miguel Millan\/Virgen Aliaga 2012 - despues\/articulo\/027 [640x480].JPG\" alt=\"027 [640x480]\" \/><\/p>\n<p style=\"text-align: justify;\"><span style=\"font-size: 10pt;\"><span style=\"font-family: times new roman,times;\"><span style=\"font-size: 12pt;\">La segunda parada fue en la panilla y debido al calor que hac\u00eda las botellas de agua ya comenzaban a fallar, por ello tuvimos que ir conservando el l\u00edquido ya que nos quedaba un buen tramo hasta el avituallamiento; desde esta altura pudimos apreciar la belleza del pueblo y mas de uno quiso plasmar en una fotograf\u00eda el paisaje ya que con los trigos todos verdes y las aliagas en plena floraci\u00f3n daban una estampa inmejorable.<\/span><\/span><\/span><\/p>\n<p style=\"text-align: justify;\"><span style=\"font-size: 10pt;\"><span style=\"font-family: times new roman,times;\"><span style=\"font-size: 12pt;\">Las personas que no hab\u00edan hecho nunca el camino andando al llegar a \u201cel alto\u201d quedaron sorprendidas del vello paisaje del valle de la hoya y mas cuando se ve\u00edan los dos balsetes de agua; hoy d\u00eda pr\u00e1cticamente vac\u00edos y todo debido a la poca agua ca\u00edda, estos lugares eran necesarios para que las ovejas pudiesen beber cuando estaban por estos lugares, lo que nos impresiona cada a\u00f1o es que los corrales donde encerraban los animales\u00a0 est\u00e1n mas abandonados; lo bueno seria que se volviese a repoblar de ganado el t\u00e9rmino, con lo cual se conseguir\u00eda que las monta\u00f1as y caminos estuviesen mas limpios de vegetaci\u00f3n, as\u00ed como los campos yermos que nos produce nostalgia cuando los hemos visto todos ellos cultivados.<\/span><\/span><\/span><\/p>\n<p style=\"text-align: justify;\">\u00a0<\/p>\n<p style=\"text-align: center;\"><img loading=\"lazy\" decoding=\"async\" height=\"426\" width=\"640\" src=\"doc\/Miguel Millan\/Virgen Aliaga 2012 - despues\/articulo\/DSC_0981 [640x480].JPG\" alt=\"DSC_0981 [640x480]\" \/><\/p>\n<p style=\"text-align: justify;\"><span style=\"font-size: 10pt;\"><span style=\"font-family: times new roman,times;\"><span style=\"font-size: 12pt;\">Vamos llegando al balsete y una parada de unos minutos, hace que los flashes de las m\u00e1quinas no paren de disparar ya que es un hermoso lugar donde las fotograf\u00edas nos guardar\u00e1n un recuerdo de este d\u00eda; el camino por tierra se va terminando hasta la carretera y con mucho cuidado vamos andando y comentando entre unos y otros nuestras aventuras que nos han pasado durante el a\u00f1o que hemos dejado atr\u00e1s.<\/span><\/span><\/span><\/p>\n<p style=\"text-align: justify;\"><span style=\"font-size: 10pt;\"><span style=\"font-family: times new roman,times;\"><span style=\"font-size: 12pt;\">El tomillo no se nos olvida y\u00a0 para llev\u00e1rselo a la Virgen ha de ser del t\u00e9rmino de Segura; nos queda poco camino para llegar a la zona del bocadillo ofrecido por la Asociaci\u00f3n \u201cEl Castillo\u201d, donde unos voluntarios de la Asociaci\u00f3n nos han tra\u00eddo pan tierno del d\u00eda, embutidos de varias clases y sin faltar el jam\u00f3n de Teruel; con el calor que hace los refrescos nos sacian la sed y que mejor que terminar con un buen caf\u00e9 para continuar el recorrido hasta el destino.<\/span><\/span><\/span>\u00a0<\/p>\n<p style=\"text-align: center;\"><img loading=\"lazy\" decoding=\"async\" height=\"426\" width=\"640\" src=\"doc\/Miguel Millan\/Virgen Aliaga 2012 - despues\/articulo\/DSC_0998 [640x480].JPG\" alt=\"DSC_0998 [640x480]\" \/><\/p>\n<p style=\"text-align: justify;\"><span style=\"font-size: 10pt;\"><span style=\"font-family: times new roman,times;\"><span style=\"font-size: 12pt;\">Los ni\u00f1os de corta edad, acompa\u00f1ados por j\u00f3venes caminantes se van a las monta\u00f1as pr\u00f3ximas a la carretera y hacen una peque\u00f1a recolecta de gamones ya que en esta \u00e9poca est\u00e1n en floraci\u00f3n; la leyenda indica que de esta forma se sabe que los Segura han pasado y estas plantas en sus a\u00f1os eran imprescindibles para el engorde del ganado porcino y que luego nos daban una buena carne sin olvidar los apreciados jamones que durante mucho tiempo se secaban en los graneros.<\/span><\/span><\/span><\/p>\n<p style=\"text-align: center;\"><img loading=\"lazy\" decoding=\"async\" height=\"426\" width=\"640\" src=\"doc\/Miguel Millan\/Virgen Aliaga 2012 - despues\/articulo\/DSC_1019 [640x480].JPG\" alt=\"DSC_1019 [640x480]\" \/><\/p>\n<p style=\"text-align: justify;\"><span style=\"font-size: 10pt;\"><span style=\"font-family: times new roman,times;\"><span style=\"font-size: 12pt;\">Quiero felicitar a este padre que durante todo el camino llevo a sus espaldas a su hija de corta edad, este es ejemplo que merece ser reconocido.<\/span><\/span><\/span><\/p>\n<p style=\"text-align: center;\"><img loading=\"lazy\" decoding=\"async\" height=\"480\" width=\"319\" src=\"doc\/Miguel Millan\/Virgen Aliaga 2012 - despues\/articulo\/DSC_0990 [640x480].JPG\" alt=\"DSC_0990 [640x480]\" \/><\/p>\n<p style=\"text-align: justify;\"><span style=\"font-size: 10pt;\"><span style=\"font-family: times new roman,times;\"><span style=\"font-size: 12pt;\">En el \u00a0santuario de la Virgen de la Aliaga y a\u00f1o tras a\u00f1o vamos viendo los mejoras que se est\u00e1n efectuando en la ermita, este a\u00f1o se hab\u00edan construidos mesas y bancos de obra; ya que de esta forma mucha gente no hace falta que se lleven mesas y sillas tipo camping; los mas previsores se han llevado toldos tipo \u201cjaimas\u201d con lo cual se han refugiado del sol; tambi\u00e9n en el interior de la ermita hemos visto al arreglo del coro; por ello la cofrad\u00eda se ve que dentro de sus posibilidades van haciendo cosas para mejorar este recinto tan apreciado por todo los que lo visitamos.<\/span><\/span><\/span><\/p>\n<p style=\"text-align: justify;\"><span style=\"font-size: 10pt;\"><span style=\"font-family: times new roman,times;\"><span style=\"font-size: 12pt;\">Con el calor que llevamos encima al entrar en el Santuario notamos la frescura que hacia en el interior y como buenos religiosos pasamos a \u00a0adorar a la Virgen y depositamos en sus pies el tomillo que hab\u00edamos cogido, este a\u00f1o como novedad alg\u00fan que otro caminante le ofreci\u00f3 aliagas ya que es el nombre que caracteriza a la Virgen por haberse aparecido a unos pastores en una monta\u00f1a y sobre estos arbustos.<\/span><\/span><\/span><\/p>\n<p style=\"text-align: justify;\"><span style=\"font-size: 10pt;\"><span style=\"font-family: times new roman,times;\"><span style=\"font-size: 12pt;\">No podemos olvidar el refresco que nos ofrece el Ayuntamiento, este a\u00f1o con el nuevo alcalde: \u201cErnesto\u201d y echando de menos a nuestro cura de Segura: \u201cPascual\u201d que suponemos que por fuerza mayor no habr\u00e1 podido venir para estar este d\u00eda con todos nosotros, ya que es uno de los habituales que quiere celebrar esta festividad; con el toque de campanillas acudimos a la santa misa, donde se procedi\u00f3 a la bendici\u00f3n del pan y vino y con la procesi\u00f3n por sus ardedores damos por finalizado este acto lit\u00fargico mas importante de la jornada.<\/span><\/span><\/span><\/p>\n<p style=\"text-align: center;\"><img loading=\"lazy\" decoding=\"async\" height=\"426\" width=\"640\" src=\"doc\/Miguel Millan\/Virgen Aliaga 2012 - despues\/articulo\/DSC_1065 [640x480].JPG\" alt=\"DSC_1065 [640x480]\" \/><\/p>\n<p style=\"text-align: justify;\"><span style=\"font-size: 10pt;\"><span style=\"font-family: times new roman,times;\"><span style=\"font-size: 12pt;\">En la comida las amas de casa se esfuerzan en preparar sus mejores manjares sin faltar el asado de carnes y embutidos y con una buena brasa de le\u00f1a de carrasca es un alimento inmejorable; para poder acompa\u00f1ar a los alimentos la Asociaci\u00f3n \u201cEl Castillo\u201d, nos obsequi\u00f3 como el a\u00f1o pasado con\u00a0 pan y vino; muchos de nosotros guardamos la botella como recuerdo de este d\u00eda para ponerla en un lugar destacado de casa.<\/span><\/span><\/span><\/p>\n<p style=\"text-align: center;\"><img loading=\"lazy\" decoding=\"async\" height=\"426\" width=\"640\" src=\"doc\/Miguel Millan\/Virgen Aliaga 2012 - despues\/articulo\/DSC_1107 [640x480].JPG\" alt=\"DSC_1107 [640x480]\" \/><\/p>\n<p style=\"text-align: justify;\"><span style=\"font-size: 10pt;\"><span style=\"font-family: times new roman,times;\"><span style=\"font-size: 12pt;\">El cielo se va nublando y el sol desaparece y los entendidos dicen que el agua esta llegando; al final vamos a las flores y dando gracias a la Virgen por poder haber asistido este d\u00eda, nos ponemos a sus pies y con los c\u00e1nticos que nos salen del fondo del coraz\u00f3n, le pedimos que nos de salud y que al a\u00f1o pr\u00f3ximo podamos volver a encontrarnos en este lugar y pasar este d\u00eda en su compa\u00f1\u00eda.<\/span><\/span><\/span><\/p>\n<p style=\"text-align: center;\"><span style=\"font-size: 10pt;\"><span style=\"font-family: times new roman,times;\"><span style=\"font-size: 12pt;\">\u00a0<img loading=\"lazy\" decoding=\"async\" height=\"426\" width=\"640\" src=\"doc\/Miguel Millan\/Virgen Aliaga 2012 - despues\/articulo\/DSC_1105 [640x480].JPG\" alt=\"DSC_1105 [640x480]\" \/><\/span><\/span><\/span><\/p>\n<p style=\"text-align: justify;\"><span style=\"font-size: 10pt;\"><span style=\"font-family: times new roman,times;\"><span style=\"font-size: 12pt;\">Al llegar a Segura el agua aparece y creemos que esto es debido a las plegarias que hemos hecho y la Virgen nos ha complacido, ya que el agua es indispensable para el campo donde la cosecha precisa de estas gotas y los agricultores despu\u00e9s de su mucho esfuerza puedan tener una buen cosecha de cereales; sin este alimento no hay vida y siempre es muy agradecido por la fauna y la flora<\/span><\/span><\/span><\/p>\n<p style=\"text-align: justify;\"><span style=\"font-size: 10pt;\"><span style=\"font-family: times new roman,times;\"><span style=\"font-size: 12pt;\"><\/span><\/span><\/span><span style=\"font-size: 10pt;\"><span style=\"font-family: times new roman,times;\"><span style=\"font-size: 12pt;\">Este a\u00f1o se ha celebrado La primera d\u00e9cada que lleva organizando este camino la Asociaci\u00f3n y por ello nos hemos podemos reunirnos 7 de las 12 personas que comenzamos en el a\u00f1o 2003 a bajar andando hasta Cortes de Arag\u00f3n, lugar donde se encuentra el Santuario de la Virgen de la Aliaga<\/span><\/span><\/span>\u00a0<\/p>\n<p style=\"text-align: center;\"><img loading=\"lazy\" decoding=\"async\" height=\"426\" width=\"640\" src=\"doc\/Miguel Millan\/Virgen Aliaga 2012 - despues\/articulo\/DSC_1140 [640x480].JPG\" alt=\"DSC_1140 [640x480]\" \/><\/p>\n<p style=\"text-align: justify;\"><span style=\"font-size: 10pt;\"><span style=\"font-family: times new roman,times;\"><span style=\"font-size: 12pt;\">Como en a\u00f1os anteriores la persona mas mayor que ha hecho el camino andando ha sido \u00c1ngel Valiente Gadea y la de menor edad una ni\u00f1a a los cuales se les entregada un trofeo el d\u00eda de la fiesta de la Asociaci\u00f3n como recuerdo.<\/span><\/span><\/span><\/p>\n<p style=\"text-align: center;\"><span style=\"font-size: 10pt;\"><span style=\"font-family: times new roman,times;\"><span style=\"font-size: 12pt;\">\u00a0<img loading=\"lazy\" decoding=\"async\" height=\"426\" width=\"640\" src=\"doc\/Miguel Millan\/Virgen Aliaga 2012 - despues\/articulo\/DSC_1113 [640x480].JPG\" alt=\"DSC_1113 [640x480]\" \/><\/span><\/span><\/span><\/p>\n<p style=\"text-align: justify;\"><span style=\"font-size: 10pt;\"><span style=\"font-family: times new roman,times;\"><span style=\"font-size: 12pt;\">Desde esta l\u00edneas \u00a0quiero animar al Ayuntamiento, para que colabore en el camino que venimos realizando a\u00f1o tras a\u00f1o y que da un prestigio al pueblo de Segura de los Ba\u00f1os de lo cual nos sentimos todos orgullosos y que poco a poco se va divulgando por otros lugares de nuestro querido Arag\u00f3n y para no dar mas vueltas, nos gustar\u00eda llevar en la romer\u00eda un estandarte y que el mismo fuese obsequio del Ayuntamiento.<\/span><\/span><\/span><\/p>\n<p style=\"text-align: justify;\"><span style=\"font-size: 10pt;\"><span style=\"font-family: times new roman,times;\"><span style=\"font-size: 12pt;\">El existo conseguido este a\u00f1o de 101 caminantes, no lo tenemos que dejar bajar y tener en cuenta que si unos buenos Seguranos nos lo proponemos lo podemos conseguir.<\/span><\/span><\/span><\/p>\n<p style=\"text-align: justify;\"><span style=\"font-size: 10pt;\"><span style=\"font-family: times new roman,times;\"><span style=\"font-size: 12pt;\">Miguel Mill\u00e1n Ruiz.<\/span><\/span><\/span><\/p>\n<p style=\"text-align: justify;\">\u00a0<\/p>\n<p><\/span><\/span><\/span>\u00a0\u00a0<\/p>\n","protected":false},"excerpt":{"rendered":"<p style=\"text-align: center;\"><span style=\"font-size: 10pt;\"><span style=\"font-family: times new roman,times;\"><span style=\"font-size: 12pt;\"><strong><span style=\"font-size: 14pt;\"><span style=\"color: #008000;\"><span style=\"font-family: comic sans ms,sans-serif;\">VIRGEN DE LA ALIAGA 2012.<\/span><\/span><\/span><\/strong><\/span><\/span><\/span><\/p>\n<p style=\"text-align: center;\">\u00a0<\/p>\n<p style=\"text-align: center;\"><span style=\"font-size: 10pt;\"><span style=\"font-family: times new roman,times;\"><span style=\"font-size: 12pt;\"><strong><span style=\"font-size: 14pt;\"><span style=\"color: #008000;\">AL FINAL BATIMOS EL RECORD DE CAMINANTES (101 PERSONAS) <\/span><\/span><\/strong><\/span><\/span><\/span><\/p>\n<p style=\"text-align: justify;\">\u00a0<\/p>\n<p><span style=\"font-size: 12pt;\"><span style=\"font-family: times new roman,times;\">El viernes por la tarde y bien entrada la noche, la carretera parec\u00eda una caravana de coches y eran las personas que ven\u00edan a celebrar el d\u00eda de la Virgen de la Aliaga y muchos de ellos fueron los que nos acompa\u00f1aron andando.<\/span><\/span><\/p>\n<p><span style=\"font-family: times new roman,times;\"><span style=\"font-size: 12pt;\">El segundo s\u00e1bado de mayo, este a\u00f1o fue el d\u00eda 12, para Segura de los Ba\u00f1os es un d\u00eda festivo, quedando pr\u00e1cticamente el pueblo vac\u00edo, ya que la costumbre de ir a la Virgen de la Aliaga es mas que centenaria y esperamos que se vaya continuando muchos a\u00f1os mas.<\/span><\/span><\/p>\n<p style=\"text-align: justify;\"><span style=\"font-size: 10pt;\"><span style=\"font-family: times new roman,times;\"><span style=\"font-size: 12pt;\"><span style=\"font-size: 10pt;\"><span style=\"font-family: times new roman,times;\"><span style=\"font-size: 12pt;\">Las calles que confluyen con la plaza de la Iglesia, lugar de concentraci\u00f3n de todos los caminantes que hacemos el camino andando era un desfile de personas impresionante; en el Teleclub se hizo el reparto de la camiseta y gorra tradicional de cada a\u00f1o; con el repique de campanas de la iglesia se anunciaba la festividad que caracteriza este d\u00eda.<\/span><\/span><\/span><\/span><\/span><\/span><\/p>\n<p style=\"text-align: center;\"><span style=\"font-size: 10pt;\"><span style=\"font-family: times new roman,times;\"><span style=\"font-size: 12pt;\"><span style=\"font-size: 10pt;\"><span style=\"font-family: times new roman,times;\"><span style=\"font-size: 12pt;\"><img loading=\"lazy\" decoding=\"async\" height=\"426\" width=\"640\" src=\"doc\/Miguel Millan\/Virgen Aliaga 2012 - despues\/articulo\/DSC_0949 [640x480].JPG\" alt=\"DSC_0949 [640x480]\" \/><\/span><\/span><\/span><\/span><\/span><\/span><\/p>\n<p style=\"text-align: justify;\"><span style=\"font-size: 10pt;\"><span style=\"font-family: times new roman,times;\"><span style=\"font-size: 12pt;\"><span style=\"font-family: times new roman,times;\"><span style=\"font-size: 12pt;\">En el 10\u00ba a\u00f1o que organiza la Asociaci\u00f3n \u201cEl Castillo\u201d, el camino de Segura de los Ba\u00f1os a la Virgen de la Aliaga, se ha podido batir el record de caminantes, habiendo llegado a 101 personas; la juventud cada a\u00f1o se va en incrementando.<\/span><\/span><\/span><\/span><\/span><\/p>\n<p style=\"text-align: center;\"><span style=\"font-size: 10pt;\"><span style=\"font-family: times new roman,times;\"><span style=\"font-size: 12pt;\"><span style=\"font-family: times new roman,times;\"><span style=\"font-size: 12pt;\"><img loading=\"lazy\" decoding=\"async\" height=\"426\" width=\"640\" src=\"doc\/Miguel Millan\/Virgen Aliaga 2012 - despues\/articulo\/DSC_0957 [640x480].JPG\" alt=\"DSC_0957 [640x480]\" \/><\/span><\/span><\/span><\/span><\/span><\/p>\n<p><span style=\"font-size: 10pt;\" \/><span style=\"font-family: times new roman,times;\" \/><span style=\"font-size: 12pt;\" \/><\/p>\n","protected":false},"author":1,"featured_media":0,"comment_status":"open","ping_status":"open","sticky":false,"template":"","format":"standard","meta":{"ngg_post_thumbnail":0,"footnotes":""},"categories":[30],"tags":[],"class_list":["post-176","post","type-post","status-publish","format-standard","hentry","category-virgen"],"_links":{"self":[{"href":"https:\/\/www.seguradeba\u00f1os.com\/index.php\/wp-json\/wp\/v2\/posts\/176","targetHints":{"allow":["GET"]}}],"collection":[{"href":"https:\/\/www.seguradeba\u00f1os.com\/index.php\/wp-json\/wp\/v2\/posts"}],"about":[{"href":"https:\/\/www.seguradeba\u00f1os.com\/index.php\/wp-json\/wp\/v2\/types\/post"}],"author":[{"embeddable":true,"href":"https:\/\/www.seguradeba\u00f1os.com\/index.php\/wp-json\/wp\/v2\/users\/1"}],"replies":[{"embeddable":true,"href":"https:\/\/www.seguradeba\u00f1os.com\/index.php\/wp-json\/wp\/v2\/comments?post=176"}],"version-history":[{"count":0,"href":"https:\/\/www.seguradeba\u00f1os.com\/index.php\/wp-json\/wp\/v2\/posts\/176\/revisions"}],"wp:attachment":[{"href":"https:\/\/www.seguradeba\u00f1os.com\/index.php\/wp-json\/wp\/v2\/media?parent=176"}],"wp:term":[{"taxonomy":"category","embeddable":true,"href":"https:\/\/www.seguradeba\u00f1os.com\/index.php\/wp-json\/wp\/v2\/categories?post=176"},{"taxonomy":"post_tag","embeddable":true,"href":"https:\/\/www.seguradeba\u00f1os.com\/index.php\/wp-json\/wp\/v2\/tags?post=176"}],"curies":[{"name":"wp","href":"https:\/\/api.w.org\/{rel}","templated":true}]}}