{"id":180,"date":"2012-08-12T07:37:44","date_gmt":"2012-08-12T07:37:44","guid":{"rendered":"https:\/\/www.xn--seguradebaos-jhb.com\/index.php\/2012\/08\/12\/semana-cultural-2012\/"},"modified":"2012-08-12T07:37:44","modified_gmt":"2012-08-12T07:37:44","slug":"semana-cultural-2012","status":"publish","type":"post","link":"https:\/\/www.seguradeba\u00f1os.com\/index.php\/2012\/08\/12\/semana-cultural-2012\/","title":{"rendered":"SEMANA CULTURAL 2012"},"content":{"rendered":"<p><img loading=\"lazy\" decoding=\"async\" style=\"float: left;\" alt=\"egtienda-india-tipi_36233_3\" src=\"doc\/Javi\/egtienda-india-tipi_36233_3.jpg\" height=\"300\" width=\"300\" \/><span style=\"font-size: 12pt;\"><span style=\"font-family: comic sans ms,sans-serif;\">Ya estamos en Agosto y nuestro pueblo se llena de gente, as\u00ed que para que veng\u00e1is preparados os detallamos el programa que hemos preparado este a\u00f1o para nuestra <strong>SEMANA CULTURAL<\/strong>, que se desarrollar\u00e1 durante los d\u00edas 16, 17, 18, 19 y 20 de agosto de2012.<\/span><\/span><\/p>\n<p><span style=\"font-size: 12pt;\"><span style=\"font-family: comic sans ms,sans-serif;\">Este a\u00f1o queremos dedicar la semana cultural a los indios, as\u00ed que hemos preparado para la <span style=\"color: #ff0000;\">noche del viernes al s\u00e1bado una acampada en el parque, tendremos que llevar cada uno nuestra tienda de campa\u00f1a y saco para dormir<\/span>, igualmente cenaremos y desayunaremos todos juntos ( la  Asociaci\u00f3n se encargar\u00e1 de llevar la cena y el desayuno), el programa previsto es el siguiente:<\/span><\/span><\/p>\n<ul>\n<li><span style=\"font-size: 12pt;\"><span style=\"font-family: comic sans ms,sans-serif;\">\u00b7 <strong>Jueves 16<\/strong><\/span><\/span><\/li>\n<\/ul>\n<p><span style=\"font-size: 12pt;\"><span style=\"font-family: comic sans ms,sans-serif;\">&#8211; 17,30h. Talleres infantiles (prepararemos trajes y complementos <img loading=\"lazy\" decoding=\"async\" style=\"float: left;\" alt=\"P1180523\" src=\"doc\/Javi\/P1180523.jpg\" height=\"1\" width=\"1\" \/>de indios)<img loading=\"lazy\" decoding=\"async\" style=\"float: right;\" alt=\"P1180523\" src=\"doc\/Javi\/P1180523.jpg\" height=\"300\" width=\"300\" \/><\/span><\/span><\/p>\n<ul>\n<li><span style=\"font-size: 12pt;\"><span style=\"font-family: comic sans ms,sans-serif;\"><img loading=\"lazy\" decoding=\"async\" style=\"float: left;\" alt=\"P1180523\" src=\"doc\/Javi\/P1180523.jpg\" height=\"1\" width=\"1\" \/>\u00b7 <strong>Viernes 17<\/strong><\/span><\/span><\/li>\n<\/ul>\n<p><span style=\"font-size: 12pt;\"><span style=\"font-family: comic sans ms,sans-serif;\">&#8211; 19,00h. Nos vestiremos y pintaremos de indios y haremos un poco el indio. Mientras se contar\u00e1 con la colaboraci\u00f3n de los padres para montar las tiendas de campa\u00f1a.<\/span><\/span><\/p>\n<ul>\n<li><span style=\"font-size: 12pt;\"><span style=\"font-family: comic sans ms,sans-serif;\">\u00b7 <strong>S\u00e1bado 18<\/strong><\/span><\/span><\/li>\n<\/ul>\n<p><span style=\"font-size: 12pt;\"><span style=\"font-family: comic sans ms,sans-serif;\">&#8211; 11,00 h. Exhibici\u00f3n de Tiro al Arco, a cargo de ARCfindem, quienes nos dejar\u00e1n probar nuestra punter\u00eda despu\u00e9s de darnos unas peque\u00f1as clases.<\/span><\/span><\/p>\n<p><span style=\"font-size: 12pt;\"><span style=\"font-family: comic sans ms,sans-serif;\">&#8211; 19,00h. Excursi\u00f3n a la Tejer\u00eda y Molino de la Cueva.<\/span><\/span><\/p>\n<p><span style=\"font-size: 12pt;\"><span style=\"font-family: comic sans ms,sans-serif;\">&#8211; 22,00h. Nueva proyecci\u00f3n con im\u00e1genes in\u00e9ditas del pueblo.<\/span><\/span><\/p>\n<ul>\n<li><span style=\"font-size: 12pt;\"><span style=\"font-family: comic sans ms,sans-serif;\">\u00b7 <strong>Domingo 19<\/strong><\/span><\/span><\/li>\n<\/ul>\n<p><span style=\"font-size: 12pt;\"><span style=\"font-family: comic sans ms,sans-serif;\">&#8211; 18,30H Teatro para todos los p\u00fablicos a cargo de Pepin Banzo con el espect\u00e1culo \u201cEl Show de Pepin\u201d.<\/span><\/span><\/p>\n<ul>\n<li><span style=\"font-size: 12pt;\"><span style=\"font-family: comic sans ms,sans-serif;\">\u00b7 <strong>Lunes 20<\/strong><\/span><\/span><\/li>\n<\/ul>\n<p><span style=\"font-size: 12pt;\"><span style=\"font-family: comic sans ms,sans-serif;\">&#8211; 17.30h Asamblea.<\/span><\/span><\/p>\n<p><span style=\"font-size: 12pt;\"><span style=\"font-family: comic sans ms,sans-serif;\">&#8211; Exposici\u00f3n fotogr\u00e1fica de la Semana Cultural.<\/span><\/span><\/p>\n<p><span style=\"font-size: 12pt;\"><span style=\"font-family: comic sans ms,sans-serif;\">&#8211; Merienda Popular.<\/span><\/span><\/p>\n<p><span style=\"font-size: 12pt;\"><span style=\"font-family: comic sans ms,sans-serif;\">Esperamos que pod\u00e1is estar todos en nuestra Semana Cultural para disfrutar de nuestro programa y de vuestra grata compa\u00f1\u00eda.<\/span><\/span><\/p>\n<p><\/p>\n","protected":false},"excerpt":{"rendered":"<p>Ya estamos en Agosto y nuestro pueblo se llena de gente, as\u00ed que para que veng\u00e1is preparados os detallamos el programa que hemos preparado este a\u00f1o para nuestra SEMANA CULTURAL, que se desarrollar\u00e1 durante los d\u00edas 16, 17, 18, 19 y 20 de agosto de2012. Este a\u00f1o queremos dedicar la semana cultural a los indios, [&hellip;]<\/p>\n","protected":false},"author":1,"featured_media":0,"comment_status":"open","ping_status":"open","sticky":false,"template":"","format":"standard","meta":{"ngg_post_thumbnail":0,"footnotes":""},"categories":[1],"tags":[],"class_list":["post-180","post","type-post","status-publish","format-standard","hentry","category-pueblo"],"_links":{"self":[{"href":"https:\/\/www.seguradeba\u00f1os.com\/index.php\/wp-json\/wp\/v2\/posts\/180","targetHints":{"allow":["GET"]}}],"collection":[{"href":"https:\/\/www.seguradeba\u00f1os.com\/index.php\/wp-json\/wp\/v2\/posts"}],"about":[{"href":"https:\/\/www.seguradeba\u00f1os.com\/index.php\/wp-json\/wp\/v2\/types\/post"}],"author":[{"embeddable":true,"href":"https:\/\/www.seguradeba\u00f1os.com\/index.php\/wp-json\/wp\/v2\/users\/1"}],"replies":[{"embeddable":true,"href":"https:\/\/www.seguradeba\u00f1os.com\/index.php\/wp-json\/wp\/v2\/comments?post=180"}],"version-history":[{"count":0,"href":"https:\/\/www.seguradeba\u00f1os.com\/index.php\/wp-json\/wp\/v2\/posts\/180\/revisions"}],"wp:attachment":[{"href":"https:\/\/www.seguradeba\u00f1os.com\/index.php\/wp-json\/wp\/v2\/media?parent=180"}],"wp:term":[{"taxonomy":"category","embeddable":true,"href":"https:\/\/www.seguradeba\u00f1os.com\/index.php\/wp-json\/wp\/v2\/categories?post=180"},{"taxonomy":"post_tag","embeddable":true,"href":"https:\/\/www.seguradeba\u00f1os.com\/index.php\/wp-json\/wp\/v2\/tags?post=180"}],"curies":[{"name":"wp","href":"https:\/\/api.w.org\/{rel}","templated":true}]}}