{"id":199,"date":"2013-04-11T10:41:38","date_gmt":"2013-04-11T10:41:38","guid":{"rendered":"https:\/\/www.xn--seguradebaos-jhb.com\/index.php\/2013\/04\/11\/cofradiaaliaga\/"},"modified":"2013-04-11T10:41:38","modified_gmt":"2013-04-11T10:41:38","slug":"cofradiaaliaga","status":"publish","type":"post","link":"https:\/\/www.seguradeba\u00f1os.com\/index.php\/2013\/04\/11\/cofradiaaliaga\/","title":{"rendered":"Cofrad\u00eda Virgen de la Aliaga"},"content":{"rendered":"<p><span style=\"font-size: 12pt;\"><span style=\"font-family: 'comic sans ms', sans-serif;\">&nbsp; &nbsp;La Cofrad\u00eda de la Virgen de la Aliaga tiene programados varios actos para este a\u00f1o, uno de ellos ser\u00e1 la visita de la Virgen a nuestro pueblo durante la semana del 22 al 25 de agosto.<\/span><\/span><\/p>\n<p>\u00a0<\/p>\n<p style=\"text-align: center;\"><a href=\"http:\/\/www.muniesa.org\/fotograf%EDas\/aliaga09_1a.jpg\" title=\"Virgen de la Aliaga\" target=\"_blank\" class=\"jcepopup\"><img loading=\"lazy\" decoding=\"async\" src=\"http:\/\/www.muniesa.org\/fotograf%EDas\/aliaga09_1a.jpg\" width=\"400\" height=\"300\" alt=\"Virgen de la Aliaga\" \/><\/a><\/p>\n<p style=\"text-align: center;\">\u00a0<\/p>\n<p style=\"text-align: justify;\">&nbsp; <span style=\"font-size: 12pt;\"><span style=\"font-family: 'comic sans ms', sans-serif;\">Os adjuntamos documento con la informaci\u00f3n completa para que pod\u00e1is consultarlo:<\/span><\/span><\/p>\n<p style=\"text-align: justify;\"><span style=\"font-size: 12pt;\"><span style=\"font-family: 'comic sans ms', sans-serif;\"><br \/><\/span><\/span><\/p>\n<p style=\"text-align: justify;\"><span style=\"font-size: 12pt;\"><span style=\"font-family: 'comic sans ms', sans-serif;\"><a href=\"doc\/virgen_aliaga\/Cofradia_Virgen_de_la_Aliaga.pdf\" title=\"Virgen de la Aliaga 2013\" target=\"_self\" class=\"jce_file\">Virgen de la Aliaga 2013<\/a>&nbsp;<\/span><\/span><\/p>\n","protected":false},"excerpt":{"rendered":"<p>&nbsp; &nbsp;La Cofrad\u00eda de la Virgen de la Aliaga tiene programados varios actos para este a\u00f1o, uno de ellos ser\u00e1 la visita de la Virgen a nuestro pueblo durante la semana del 22 al 25 de agosto. \u00a0 \u00a0 &nbsp; Os adjuntamos documento con la informaci\u00f3n completa para que pod\u00e1is consultarlo: Virgen de la Aliaga [&hellip;]<\/p>\n","protected":false},"author":1,"featured_media":0,"comment_status":"open","ping_status":"open","sticky":false,"template":"","format":"standard","meta":{"ngg_post_thumbnail":0,"footnotes":""},"categories":[30],"tags":[],"class_list":["post-199","post","type-post","status-publish","format-standard","hentry","category-virgen"],"_links":{"self":[{"href":"https:\/\/www.seguradeba\u00f1os.com\/index.php\/wp-json\/wp\/v2\/posts\/199","targetHints":{"allow":["GET"]}}],"collection":[{"href":"https:\/\/www.seguradeba\u00f1os.com\/index.php\/wp-json\/wp\/v2\/posts"}],"about":[{"href":"https:\/\/www.seguradeba\u00f1os.com\/index.php\/wp-json\/wp\/v2\/types\/post"}],"author":[{"embeddable":true,"href":"https:\/\/www.seguradeba\u00f1os.com\/index.php\/wp-json\/wp\/v2\/users\/1"}],"replies":[{"embeddable":true,"href":"https:\/\/www.seguradeba\u00f1os.com\/index.php\/wp-json\/wp\/v2\/comments?post=199"}],"version-history":[{"count":0,"href":"https:\/\/www.seguradeba\u00f1os.com\/index.php\/wp-json\/wp\/v2\/posts\/199\/revisions"}],"wp:attachment":[{"href":"https:\/\/www.seguradeba\u00f1os.com\/index.php\/wp-json\/wp\/v2\/media?parent=199"}],"wp:term":[{"taxonomy":"category","embeddable":true,"href":"https:\/\/www.seguradeba\u00f1os.com\/index.php\/wp-json\/wp\/v2\/categories?post=199"},{"taxonomy":"post_tag","embeddable":true,"href":"https:\/\/www.seguradeba\u00f1os.com\/index.php\/wp-json\/wp\/v2\/tags?post=199"}],"curies":[{"name":"wp","href":"https:\/\/api.w.org\/{rel}","templated":true}]}}