{"id":206,"date":"2013-07-05T00:00:00","date_gmt":"2013-07-05T00:00:00","guid":{"rendered":"https:\/\/www.xn--seguradebaos-jhb.com\/index.php\/2013\/07\/05\/virgen-de-la-aliaga-2013\/"},"modified":"2013-07-05T00:00:00","modified_gmt":"2013-07-05T00:00:00","slug":"virgen-de-la-aliaga-2013","status":"publish","type":"post","link":"https:\/\/www.seguradeba\u00f1os.com\/index.php\/2013\/07\/05\/virgen-de-la-aliaga-2013\/","title":{"rendered":"VIRGEN DE LA ALIAGA 2013"},"content":{"rendered":"<p class=\"MsoNormal\" style=\"text-align: center;\"><strong><span style=\"font-family: comic sans ms,sans-serif;\"><span style=\"font-size: 12pt;\"><span style=\"color: #0000ff;\">VIRGEN DE LA ALIAGA 2013.<\/span><\/span><\/span><\/strong><\/p>\n<p class=\"MsoNormal\" style=\"text-align: center;\"><strong><span style=\"font-family: comic sans ms,sans-serif;\"><span style=\"font-size: 12pt;\"><span style=\"color: #003300;\">CONTINUA CON GRAN EXITO EL CAMINO A LA VIRGEN DE LA ALIAGA.<\/span><\/span><\/span><\/strong><\/p>\n<p><span style=\"font-size: 12pt;\">Con el paso del tiempo ya hemos hecho andando el 11\u00ba camino desde Segura de los Ba\u00f1os al Santuario de la Virgen de la Aliaga y todo ello gracias a la Asociaci\u00f3n \u201cEl Castillo\u201d, que con mucho esmero y dedicaci\u00f3n organiza este evento; el cual es muy bien acogido por las personas que este d\u00eda nos podemos reunir alrededor de la ermita.<\/span><\/p>\n<p style=\"text-align: center;\"><span style=\"font-size: small;\"><img loading=\"lazy\" decoding=\"async\" style=\"vertical-align: middle;\" src=\"doc\/Miguel Millan\/Virgen Aliaga 2013\/despues\/FOTO 1 (Copiar).JPG\" width=\"640\" height=\"480\" \/><\/span><\/p>\n<p><span style=\"font-size: 12pt;\">Este a\u00f1o ha bajado un poco la participaci\u00f3n (85 personas), ya que en estas fechas siempre hay personas que tienen que atender a otros compromisos. Hemos echado de menos a nuestro veterano del grupo Angel, ya que nunca nos ha fallado y con su presencia nos sentimos m\u00e1s arropados; pero por motivos personales le ha sido imposible asistir este d\u00eda; al a\u00f1o pr\u00f3ximo contamos con su presencia.<\/span><\/p>\n<p style=\"text-align: center;\"><span style=\"font-size: 12pt;\">\u00a0<img loading=\"lazy\" decoding=\"async\" src=\"doc\/Miguel Millan\/Virgen Aliaga 2013\/despues\/FOTO 2 (Copiar).JPG\" style=\"vertical-align: middle;\" width=\"640\" height=\"480\" \/><\/span><\/p>\n<p><\/p>\n<p>\u00a0<\/p>\n<p><span style=\"font-size: 12pt;\">Los mozos lanzaron las campanas al vuelo y con el sonido caracter\u00edstico de las mismas, anunciaban que en el pueblo se iba a celebrar el d\u00eda\u00a0 de la Virgen de la Aliaga y que todos los pod\u00edan deb\u00edan acudir al santuario para pasar este gran d\u00eda en compa\u00f1\u00eda de familiares a amigos.<\/span><\/p>\n<p style=\"text-align: center;\"><span style=\"font-size: 12pt;\">\u00a0<img loading=\"lazy\" decoding=\"async\" src=\"doc\/Miguel Millan\/Virgen Aliaga 2013\/despues\/FOTO 3 (Copiar).JPG\" width=\"640\" height=\"480\" \/><\/span><\/p>\n<p><span style=\"font-size: 12pt;\">El tiempo ha sido esplendido como lo merece la ocasi\u00f3n; un poco de fr\u00edo por la ma\u00f1ana, pero luego las chaquetas ya sobraban; el camino estaba como todos los a\u00f1os en alguna zona m\u00e1s hierba ya que el tiempo hab\u00eda acompa\u00f1ado y la falta de ganado ovino y caprino, hace que los caminos cada vez sean menos transitables, ya que en muchos trozos solamente son pisados por los cazadores<\/span><\/p>\n<p><span style=\"font-size: 12pt;\">En la parte alta de \u201cla planilla\u201d pudimos apreciar de fondo el n\u00facleo urbano de Segura con sus numerosos pajares, casi todos de ellos en ruinas ya que los mismos no tienen ninguna clase de uso. Todo este es debido a la modernizaci\u00f3n de la maquinaria agr\u00edcola que hace que los cereales ya pasen de la cosechadora al remolque y a su almacenaje; las maquinas de hacer fotos no pararon de captar im\u00e1genes para tener un recuerdo de este d\u00eda.<\/span><\/p>\n<p><span style=\"font-size: 12pt;\">\u00a0<\/span><\/p>\n<p style=\"text-align: center;\"><span style=\"font-size: 12pt;\"><img loading=\"lazy\" decoding=\"async\" src=\"doc\/Miguel Millan\/Virgen Aliaga 2013\/despues\/FOTO 4 (Copiar).JPG\" width=\"640\" height=\"480\" \/><\/span><\/p>\n<p><span style=\"font-size: 12pt;\">Durante unos minutos en el balsete hacemos un descanso y donde los m\u00e1s peque\u00f1os juegan alrededor del agua y miran haber si pueden ver algunas ranas ya que siempre suele haber en este lugar. Mientras tanto admiramos la bella estampa que hacen los campos todos ellos verdes de trigo y como fondo las monta\u00f1as de la \u201choya\u201d, \u201clas paradas\u201d y el \u201ccarrascal\u201d.<\/span><\/p>\n<p style=\"text-align: center;\"><span style=\"font-size: small;\"><img loading=\"lazy\" decoding=\"async\" src=\"doc\/Miguel Millan\/Virgen Aliaga 2013\/despues\/FOTO 5 (Copiar).JPG\" width=\"640\" height=\"480\" \/><\/span><\/p>\n<p><span style=\"font-size: 12pt;\">Terminamos el camino de tierra y por el asfalto de la carretera continuamos andando y antes de salir del termino de Segura cogemos un peque\u00f1o ramillete de tomillo y una aliaga, ya que estos arbustos est\u00e1n en plena floraci\u00f3n y los ofreceremos a la Virgen; la aliaga o aulaga morisca (Ulex parviflorus) es un arbusto espinoso de la familia de las legumbres. Es un arbusto le\u00f1oso de hasta 2 metros de altura, con hojas reemplazadas completamente por espinas. Sus flores\u00a0 son de color amarillo brillante y su fruto es una peque\u00f1a legumbre cubierta de pelos. Las flores son polinizadas por insectos y las semillas son diseminadas por hormigas. La aliaga en mis a\u00f1os j\u00f3venes era un alimento muy apreciado por los conejos ya que dejaban el tronco completamente pelado.<\/span><\/p>\n<p style=\"text-align: center;\"><span style=\"font-size: 12pt;\"><img loading=\"lazy\" decoding=\"async\" src=\"doc\/Miguel Millan\/Virgen Aliaga 2013\/despues\/FOTO 6 (Copiar).JPG\" width=\"640\" height=\"480\" \/><\/span><\/p>\n<p><span style=\"font-size: 12pt;\">Este a\u00f1o han sido dos padres que han llevado a sus hijos de corta edad a sus espaldas durante todo el camino, esfuerzo que se merece un grato reconocimiento.<\/span><\/p>\n<p style=\"text-align: center;\"><img loading=\"lazy\" decoding=\"async\" src=\"doc\/Miguel Millan\/Virgen Aliaga 2013\/despues\/FOTO 7 (Copiar).JPG\" width=\"640\" height=\"480\" style=\"text-align: center; font-size: 12pt;\" \/><\/p>\n<p><span style=\"font-size: 12pt;\">En el alto de la \u201cSalve\u201d la Asociaci\u00f3n \u201cEl Castillo\u201d ya nos ten\u00eda preparado el avituallamiento, descansamos unos minutos y continuamos el camino ya que nos falta muy poco para llegar al Santuario.<\/span><\/p>\n<p style=\"text-align: center;\"><span style=\"font-size: small;\"><img loading=\"lazy\" decoding=\"async\" src=\"doc\/Miguel Millan\/Virgen Aliaga 2013\/despues\/FOTO 8 (Copiar).JPG\" width=\"640\" height=\"480\" \/><\/span><\/p>\n<p><span style=\"font-size: 12pt;\">El caminante que ha hecho el camino andando de mayor edad ha sido Pablo Fleta de 73 a\u00f1os y Marcos Fleta de 6 a\u00f1os.<\/span><\/p>\n<p style=\"text-align: center;\"><span style=\"font-size: small;\"><img loading=\"lazy\" decoding=\"async\" src=\"doc\/Miguel Millan\/Virgen Aliaga 2013\/despues\/FOTO 9 (Copiar).JPG\" width=\"640\" height=\"480\" \/><\/span><\/p>\n<p><span style=\"font-size: 12pt;\">Una vez efectuada la foto de rigor en la puerta del Santuario, pasamos al interior para visitar a la Virgen y decirle que ya hab\u00edamos llegado andando y que estar\u00edamos todo el d\u00eda con ella y que con su manto nos arrope y que al a\u00f1o pr\u00f3ximo podamos volver a visitarla.<\/span><\/p>\n<p style=\"text-align: center;\"><span style=\"font-size: small;\"><img loading=\"lazy\" decoding=\"async\" src=\"doc\/Miguel Millan\/Virgen Aliaga 2013\/despues\/FOTO 10 (Copiar).JPG\" width=\"640\" height=\"480\" \/><\/span><\/p>\n<p><span style=\"font-size: 12pt;\">Quedamos impresionados de las mejoras que se han realizado en el interior del Santuario y sobre todo la coronaci\u00f3n de la imagen de la Virgen y del Ni\u00f1o; todo ello realizado gracias a la cofrad\u00eda de la Virgen de la Aliaga la cual es presidida por Jos\u00e9 Villuenda Calzada. Antes de asistir a la Santa Misa, el Ayuntamiento nos obsequi\u00f3 con un suculento refresco el cual viene muy bien a estas horas.<\/span><\/p>\n<p style=\"text-align: center;\"><span style=\"font-size: small;\"><img loading=\"lazy\" decoding=\"async\" src=\"doc\/Miguel Millan\/Virgen Aliaga 2013\/despues\/FOTO 11 (Copiar).JPG\" width=\"640\" height=\"480\" \/><\/span><\/p>\n<p><span style=\"font-size: 12pt;\">Llegada la hora, el repique de campanas nos anuncia que se va a celebrar el acto lit\u00fargico principal de este d\u00eda, en donde se impuso a los nuevos cofrades la medalla de la cofrad\u00eda; misa que fue oficiada por los p\u00e1rrocos Avelino, Jes\u00fas Maria y Pascual, lo que nos alegr\u00f3 mucho poderlo tener entre nosotros, ya que siempre hablar con el nos reconforta por su gran trayectoria en su vida sacerdotal y de ense\u00f1anza.<\/span><\/p>\n<p style=\"text-align: center;\"><span style=\"font-size: small;\"><img loading=\"lazy\" decoding=\"async\" src=\"doc\/Miguel Millan\/Virgen Aliaga 2013\/despues\/FOTO 12 (Copiar).JPG\" width=\"640\" height=\"480\" \/><\/span><\/p>\n<p><span style=\"font-size: 12pt;\">Tere, fue la encargada de la ofrenda del pan y vino para que fuese bendecido y repartido entre todos los asistentes a esta romer\u00eda. La Asociaci\u00f3n \u201cEl Castillo\u201d hace un gran esfuerzo en poder continuar con esta tradici\u00f3n que entra en su tercer a\u00f1o. Con todo esto vamos retomando las antiguas tradiciones de nuestros antepasados y que no tenemos que dejar atr\u00e1s; m\u00e1s de uno vamos guardando la botella del vino como recuerdo de este d\u00eda, ya que cada a\u00f1o es diferente.<\/span><\/p>\n<p style=\"text-align: center;\"><span style=\"font-size: small;\"><img loading=\"lazy\" decoding=\"async\" src=\"doc\/Miguel Millan\/Virgen Aliaga 2013\/despues\/FOTO 13 (Copiar).JPG\" width=\"640\" height=\"480\" \/><\/span><\/p>\n<p><span style=\"font-size: 12pt;\">Con la temperatura tan alta en este d\u00eda todos busc\u00e1bamos la sombra y la fuente ten\u00eda mucha concurrencia para encontrar el alivio del calor, \u00a0los refrescos no paraban de salir de las neveras y los cocineros sin miedo al calor se acercaban a las parrillas para hacer el asado de las carnes y embutidos, todo esto junto con el aperitivo y el postre se formaba una gran comida que todos compartimos en compa\u00f1\u00eda de familiares y amigos.<\/span><\/p>\n<p style=\"text-align: center;\"><span style=\"font-size: small;\"><img loading=\"lazy\" decoding=\"async\" src=\"doc\/Miguel Millan\/Virgen Aliaga 2013\/despues\/FOTO 14 (Copiar).JPG\" width=\"640\" height=\"480\" \/><\/span><\/p>\n<p><span style=\"font-size: 12pt;\">Las horas van pasado y cuando nos queremos dar cuenta, ya nos tenemos que despedir de la Virgen y como mejor hacerlo es entrar en el Santuario y ofrecer a la Virgen los c\u00e1nticos denominados \u201cLas flores\u201d y que todos entonamos bajo la batuta del p\u00e1rroco Jes\u00fas Maria. Nos ponemos a los pies de la Virgen y le pedimos que nos de fuerzas para que con salud podamos estar al a\u00f1o pr\u00f3ximo en este lugar.<\/span><\/p>\n<p><span style=\"font-size: 12pt;\">Este a\u00f1o ha sido bueno en nieve y agua, por lo que le hemos pedido a la Virgen que no se olvide de Segura de los Ba\u00f1os y que el agua no falte en nuestros campos, monta\u00f1as y r\u00edos y de esta forma los cereales puedan llegar a buen termino ya que esta es la necesidad de todos los labradores que durante todo el a\u00f1o van cuidando con mucho cari\u00f1o los campos; los animales y aves sin este alimento de primera necesidad no pueden sobrevivir y entre todos ellos embellecen el entorno.<\/span><\/p>\n<p><span style=\"font-size: 12pt;\">Se han celebrado diversos actos siendo la protagonista la Virgen de la Aliaga, habiendo salida la misma de su Santuario para visitar la catedral de Teruel y la Bas\u00edlica del Pilar, ya que se esta celebrando el 50 aniversario del A\u00f1o Marino. Ya ha visitado diversos pueblos que forman la cofrad\u00eda de este Santuario y entre los mismos se encuentra Segura de los Ba\u00f1os, por ello durante los d\u00edas 22 al 25 de agosto, coincidiendo con las fiestas de las mozas del pueblo, la Virgen estar\u00e1 con nosotros; por ello deseo que se le de un caluroso recibimiento.<\/span><\/p>\n<p style=\"text-align: center;\"><span style=\"font-size: small;\"><img loading=\"lazy\" decoding=\"async\" src=\"doc\/Miguel Millan\/Virgen Aliaga 2013\/despues\/FOTO 15 (Copiar).JPG\" width=\"640\" height=\"480\" \/><\/span><\/p>\n<p><span style=\"font-size: 12pt;\">Vemos que la juventud de a\u00f1o en a\u00f1o va en aumento en hacer el camino andando lo cual nos llena de alegr\u00eda y deseamos que esta tradici\u00f3n no se pierda ya que entre todos nosotros la hemos recuperada.<\/span><\/p>\n<p><span style=\"font-size: 12pt;\">Miguel Mill\u00e1n Ruiz<\/span><\/p>\n<p><a href=\"mailto:miguelmillan@seguradebanos.com\"><span style=\"font-size: 12pt;\">miguelmillan@seguradebanos.com<\/span><\/a><\/p>\n","protected":false},"excerpt":{"rendered":"<p class=\"MsoNormal\" style=\"text-align: center;\"><strong><span style=\"font-family: comic sans ms,sans-serif;\"><span style=\"font-size: 12pt;\"><span style=\"color: #0000ff;\">VIRGEN DE LA ALIAGA 2013.<\/span><\/span><\/span><\/strong><\/p>\n<p class=\"MsoNormal\" style=\"text-align: center;\"><strong><span style=\"font-family: comic sans ms,sans-serif;\"><span style=\"font-size: 12pt;\"><span style=\"color: #003300;\">CONTINUA CON GRAN EXITO EL CAMINO A LA VIRGEN DE LA ALIAGA.<\/span><\/span><\/span><\/strong><\/p>\n<p><span style=\"font-size: 12pt;\">Con el paso del tiempo ya hemos hecho andando el 11\u00ba camino desde Segura de los Ba\u00f1os al Santuario de la Virgen de la Aliaga y todo ello gracias a la Asociaci\u00f3n \u201cEl Castillo\u201d, que con mucho esmero y dedicaci\u00f3n organiza este evento; el cual es muy bien acogido por las personas que este d\u00eda nos podemos reunir alrededor de la ermita.<\/span><\/p>\n<p style=\"text-align: center;\"><span style=\"font-size: small;\"><img loading=\"lazy\" decoding=\"async\" style=\"vertical-align: middle;\" src=\"doc\/Miguel Millan\/Virgen Aliaga 2013\/despues\/FOTO 1 (Copiar).JPG\" width=\"640\" height=\"480\" \/><\/span><\/p>\n<p><span style=\"font-size: 12pt;\">Este a\u00f1o ha bajado un poco la participaci\u00f3n (85 personas), ya que en estas fechas siempre hay personas que tienen que atender a otros compromisos. Hemos echado de menos a nuestro veterano del grupo Angel, ya que nunca nos ha fallado y con su presencia nos sentimos m\u00e1s arropados; pero por motivos personales le ha sido imposible asistir este d\u00eda; al a\u00f1o pr\u00f3ximo contamos con su presencia.<\/span><\/p>\n<p style=\"text-align: center;\"><span style=\"font-size: 12pt;\">\u00a0<img loading=\"lazy\" decoding=\"async\" src=\"doc\/Miguel Millan\/Virgen Aliaga 2013\/despues\/FOTO 2 (Copiar).JPG\" style=\"vertical-align: middle;\" width=\"640\" height=\"480\" \/><\/span><\/p>\n","protected":false},"author":1,"featured_media":0,"comment_status":"open","ping_status":"open","sticky":false,"template":"","format":"standard","meta":{"ngg_post_thumbnail":0,"footnotes":""},"categories":[30],"tags":[],"class_list":["post-206","post","type-post","status-publish","format-standard","hentry","category-virgen"],"_links":{"self":[{"href":"https:\/\/www.seguradeba\u00f1os.com\/index.php\/wp-json\/wp\/v2\/posts\/206","targetHints":{"allow":["GET"]}}],"collection":[{"href":"https:\/\/www.seguradeba\u00f1os.com\/index.php\/wp-json\/wp\/v2\/posts"}],"about":[{"href":"https:\/\/www.seguradeba\u00f1os.com\/index.php\/wp-json\/wp\/v2\/types\/post"}],"author":[{"embeddable":true,"href":"https:\/\/www.seguradeba\u00f1os.com\/index.php\/wp-json\/wp\/v2\/users\/1"}],"replies":[{"embeddable":true,"href":"https:\/\/www.seguradeba\u00f1os.com\/index.php\/wp-json\/wp\/v2\/comments?post=206"}],"version-history":[{"count":0,"href":"https:\/\/www.seguradeba\u00f1os.com\/index.php\/wp-json\/wp\/v2\/posts\/206\/revisions"}],"wp:attachment":[{"href":"https:\/\/www.seguradeba\u00f1os.com\/index.php\/wp-json\/wp\/v2\/media?parent=206"}],"wp:term":[{"taxonomy":"category","embeddable":true,"href":"https:\/\/www.seguradeba\u00f1os.com\/index.php\/wp-json\/wp\/v2\/categories?post=206"},{"taxonomy":"post_tag","embeddable":true,"href":"https:\/\/www.seguradeba\u00f1os.com\/index.php\/wp-json\/wp\/v2\/tags?post=206"}],"curies":[{"name":"wp","href":"https:\/\/api.w.org\/{rel}","templated":true}]}}