{"id":213,"date":"2013-09-06T18:42:17","date_gmt":"2013-09-06T18:42:17","guid":{"rendered":"https:\/\/www.xn--seguradebaos-jhb.com\/index.php\/2013\/09\/06\/la-virgen-de-la-aliaga-en-segura-de-los-banos\/"},"modified":"2013-09-06T18:42:17","modified_gmt":"2013-09-06T18:42:17","slug":"la-virgen-de-la-aliaga-en-segura-de-los-banos","status":"publish","type":"post","link":"https:\/\/www.seguradeba\u00f1os.com\/index.php\/2013\/09\/06\/la-virgen-de-la-aliaga-en-segura-de-los-banos\/","title":{"rendered":"LA VIRGEN DE LA ALIAGA EN SEGURA DE LOS BA\u00d1OS"},"content":{"rendered":"<p style=\"text-align: center;\"><span style=\"font-size: 10pt;\"><span style=\"font-size: 12pt;\"><span style=\"font-size: 14pt;\"><span><strong><span style=\"color: #008000;\"><span style=\"font-family: 'comic sans ms', sans-serif;\">VIRGEN DE LA ALIAGA 2013.<\/span><\/span><\/strong><\/span><\/span><\/span><\/span><\/p>\n<p><strong><span style=\"font-size: 10pt;\"><span style=\"font-size: 12pt;\"><span style=\"font-size: 14pt;\"><span style=\"color: #00ff00;\"><span style=\"font-size: 14pt;\"><span style=\"font-family: 'comic sans ms', sans-serif;\"> <\/span><\/span><\/span><\/span><\/span><\/span><\/strong><\/p>\n<p style=\"text-align: center;\"><strong><span style=\"font-size: 10pt;\"><span style=\"font-size: 12pt;\"><span style=\"font-size: 14pt;\"><span style=\"color: #ff0000;\"><span style=\"font-size: 14pt;\"><span style=\"font-family: 'comic sans ms', sans-serif;\">APOTE\u00d3SICO RECIBIMIENTO A LA VIRGEN DE LA ALIAGA EN SEGURA DE LOS BA\u00d1OS.<\/span><\/span><\/span><\/span><\/span><\/span><\/strong><\/p>\n<p><strong><span style=\"font-size: 10pt;\"><span style=\"font-size: 12pt;\"><span style=\"font-size: 14pt;\"><span style=\"font-family: 'comic sans ms', sans-serif;\"> <\/span><\/span><\/span><\/span><\/strong><\/p>\n<p style=\"text-align: justify;\"><span style=\"font-size: 10pt;\"><span style=\"font-size: 12pt;\"><span style=\"font-family: 'comic sans ms', sans-serif;\">Por primera vez en la historia la imagen de la Virgen de la Aliaga visita el pueblo de Segura de los Ba\u00f1os; para ello nos concentramos en la plaza \u00a0un n\u00famero elevado de personas y esperamos la llegada de la vistosa carroza que se prepar\u00f3 para este acontecimiento y en la que iban las \u201cmayordomesas\u201d, elegidas para la fiesta de las mozas de este a\u00f1o, con sus trajes t\u00edpicos y su belleza daban un esplendor para este d\u00eda ya que la ocasi\u00f3n se lo merec\u00eda.<\/span><\/span><\/span><\/p>\n<p style=\"text-align: center;\"><span style=\"font-size: small;\"><img loading=\"lazy\" decoding=\"async\" style=\"vertical-align: middle;\" src=\"doc\/Miguel Millan\/Virgen Aliaga 2013\/Visita a Segura\/640x480\/DSCN1754 [640x480].JPG\" width=\"640\" height=\"480\" \/><\/span><\/p>\n<p><span style=\"font-family: 'comic sans ms', sans-serif; font-size: 12pt;\">A la carroza le anteced\u00eda el nuevo estandarte seguido por la cruz y detr\u00e1s todo el p\u00fablico que \u00edbamos a recibir a la Virgen. La recibimos en el Pair\u00f3n de San Juan Bautista emplazado en la zona conocida por la bomba a la entrada del pueblo, donde se coloca una aliga en la parte superior cuando realizamos el camino del mes de mayor al Santuario de la Virgen de la Aliaga situado en Cortes de Arag\u00f3n.<\/span><\/p>\n<p style=\"text-align: center;\"><span style=\"font-size: small;\"><img loading=\"lazy\" decoding=\"async\" height=\"480\" width=\"640\" src=\"doc\/Miguel Millan\/Virgen Aliaga 2013\/Visita a Segura\/640x480\/DSCN1766 [640x480].JPG\" style=\"vertical-align: middle;\" \/><\/span><\/p>\n<p style=\"text-align: justify;\"><span style=\"font-family: 'comic sans ms', sans-serif; font-size: 12pt;\">Una vez dada la bienvenida a la Virgen por el P\u00e1rroco Segundo Alegre y bendecido el nuevo estandarte con la imagen de San Juan Bautista, se inicia la procesi\u00f3n hasta la Iglesia. La Virgen es llevada a hombros de numerosas personas y cada vez que se hace el relevo de portadores se le ofrecen p\u00e9talos de rosas en agradecimiento a su presencia entre nosotros.<\/span><\/p>\n<p style=\"text-align: center;\"><span style=\"font-size: small;\"><img loading=\"lazy\" decoding=\"async\" height=\"480\" width=\"640\" src=\"doc\/Miguel Millan\/Virgen Aliaga 2013\/Visita a Segura\/640x480\/DSCN1774 [640x480].JPG\" style=\"vertical-align: middle;\" \/><\/span><\/p>\n<p style=\"text-align: justify;\"><span style=\"font-family: 'comic sans ms', sans-serif; font-size: 12pt;\">La iglesia este d\u00eda estaba resplandeciente ya que la ocasi\u00f3n lo merec\u00eda y para ello se coloc\u00f3 una alfombra roja desde la calle hasta el altar mayor donde fue depositada la Virgen para los d\u00edas que permaneciera en Segura. La misa fue concelebrada por seis p\u00e1rrocos entre los cuales se encontraban Pascual, Segundo, Jes\u00fas Maria y Avelino, tambi\u00e9n contamos entre el p\u00fablico con el presidente de la Cofrad\u00eda de la Virgen de la Aliaga: Jos\u00e9 Villuenda Calzada y toda la corporaci\u00f3n municipal en pleno con el alcalde Ernesto Ferreruela Calvo.<\/span><\/p>\n<p style=\"text-align: center;\"><span style=\"font-size: small;\"><img loading=\"lazy\" decoding=\"async\" height=\"480\" width=\"640\" src=\"doc\/Miguel Millan\/Virgen Aliaga 2013\/Visita a Segura\/640x480\/DSCN1854 [640x480].JPG\" style=\"vertical-align: middle;\" \/><\/span><\/p>\n<p style=\"text-align: justify;\"><span style=\"font-size: 10pt;\"><span style=\"font-size: 12pt;\"><span style=\"font-family: 'comic sans ms', sans-serif;\">En procesi\u00f3n la Virgen recorri\u00f3 a hombros de numerosas personas las principales calles del pueblo, siempre acompa\u00f1ada por todos nosotros ya que somos grandes devotos de ella y el nuevo estandarte preced\u00eda a la procesi\u00f3n.<\/span><\/span><\/span><\/p>\n<p style=\"text-align: center;\"><span style=\"font-size: small;\"><img loading=\"lazy\" decoding=\"async\" height=\"480\" width=\"640\" src=\"doc\/Miguel Millan\/Virgen Aliaga 2013\/Visita a Segura\/640x480\/DSCN1857 [640x480].JPG\" style=\"vertical-align: middle;\" \/><\/span><\/p>\n<p style=\"text-align: center;\"><span style=\"font-size: small;\"><img loading=\"lazy\" decoding=\"async\" height=\"480\" width=\"640\" src=\"doc\/Miguel Millan\/Virgen Aliaga 2013\/Visita a Segura\/640x480\/DSCN1866 [640x480].JPG\" style=\"vertical-align: middle;\" \/><\/span><\/p>\n<p style=\"text-align: center;\"><span style=\"font-size: small;\"><img loading=\"lazy\" decoding=\"async\" height=\"480\" width=\"640\" src=\"doc\/Miguel Millan\/Virgen Aliaga 2013\/Visita a Segura\/640x480\/DSCN1869 [640x480].JPG\" style=\"vertical-align: middle;\" \/><\/span><\/p>\n<p style=\"text-align: justify;\"><span style=\"font-family: 'comic sans ms', sans-serif; font-size: 12pt;\">La Virgen fue colocada en su aposento en el altar mayor preparado para esta ocasi\u00f3n, donde permaneci\u00f3 hasta el d\u00eda de su destino al Santuario y durante los d\u00edas que estuvo en Segura pudo ser adorada por las personas que lo desearon.<\/span><\/p>\n<p style=\"text-align: center;\"><span style=\"font-size: small;\"><img loading=\"lazy\" decoding=\"async\" height=\"640\" width=\"480\" src=\"doc\/Miguel Millan\/Virgen Aliaga 2013\/Visita a Segura\/640x480\/DSCN1876 [640x480].JPG\" style=\"vertical-align: middle;\" \/><\/span><\/p>\n<p style=\"text-align: justify;\"><span style=\"font-family: 'comic sans ms', sans-serif; font-size: 12pt;\">Esperamos su nueva visita lo antes posible y como es costumbre el segundo s\u00e1bado de mayo la visitaremos en la tradicional romer\u00eda que llevamos a cabo cada a\u00f1o organizada por la Asociaci\u00f3n \u201cEl Castillo\u201d.<\/span><\/p>\n<p style=\"text-align: justify;\"><span style=\"font-family: 'comic sans ms', sans-serif; font-size: 12pt;\">Miguel Mill\u00e1n Ruiz<\/span><\/p>\n<p style=\"text-align: justify;\"><a href=\"mailto:miguelmillan@seguradebanos.com\"><span style=\"font-size: 10pt;\"><span style=\"font-size: 12pt;\"><span style=\"font-family: 'comic sans ms', sans-serif;\">miguelmillan@seguradebanos.com<\/span><\/span><\/span><\/a><\/p>\n<p style=\"text-align: justify;\"><span style=\"font-family: 'comic sans ms', sans-serif; font-size: 12pt;\">{gallery}\/Miguel Millan\/Virgen Aliaga 2013\/Visita a Segura\/Normal:100:100{\/gallery}<\/span><\/p>\n","protected":false},"excerpt":{"rendered":"<p style=\"text-align: center;\"><span style=\"font-size: 10pt;\"><span style=\"font-size: 12pt;\"><span style=\"font-size: 14pt;\"><span><strong><span style=\"color: #008000;\"><span style=\"font-family: 'comic sans ms', sans-serif;\">VIRGEN DE LA ALIAGA 2013.<\/span><\/span><\/strong><\/span><\/span><\/span><\/span><\/p>\n<p><strong><span style=\"font-size: 10pt;\"><span style=\"font-size: 12pt;\"><span style=\"font-size: 14pt;\"><span style=\"color: #00ff00;\"><span style=\"font-size: 14pt;\"><span style=\"font-family: 'comic sans ms', sans-serif;\"> <\/span><\/span><\/span><\/span><\/span><\/span><\/strong><\/p>\n<p style=\"text-align: center;\"><strong><span style=\"font-size: 10pt;\"><span style=\"font-size: 12pt;\"><span style=\"font-size: 14pt;\"><span style=\"color: #ff0000;\"><span style=\"font-size: 14pt;\"><span style=\"font-family: 'comic sans ms', sans-serif;\">APOTE\u00d3SICO RECIBIMIENTO A LA VIRGEN DE LA ALIAGA EN SEGURA DE LOS BA\u00d1OS.<\/span><\/span><\/span><\/span><\/span><\/span><\/strong><\/p>\n<p><strong><span style=\"font-size: 10pt;\"><span style=\"font-size: 12pt;\"><span style=\"font-size: 14pt;\"><span style=\"font-family: 'comic sans ms', sans-serif;\"> <\/span><\/span><\/span><\/span><\/strong><\/p>\n<p style=\"text-align: justify;\"><span style=\"font-size: 10pt;\"><span style=\"font-size: 12pt;\"><span style=\"font-family: 'comic sans ms', sans-serif;\">Por primera vez en la historia la imagen de la Virgen de la Aliaga visita el pueblo de Segura de los Ba\u00f1os; para ello nos concentramos en la plaza \u00a0un n\u00famero elevado de personas y esperamos la llegada de la vistosa carroza que se prepar\u00f3 para este acontecimiento y en la que iban las \u201cmayordomesas\u201d, elegidas para la fiesta de las mozas de este a\u00f1o, con sus trajes t\u00edpicos y su belleza daban un esplendor para este d\u00eda ya que la ocasi\u00f3n se lo merec\u00eda.<\/span><\/span><\/span><\/p>\n<p style=\"text-align: center;\"><span style=\"font-size: small;\"><img loading=\"lazy\" decoding=\"async\" style=\"vertical-align: middle;\" src=\"doc\/Miguel Millan\/Virgen Aliaga 2013\/Visita a Segura\/640x480\/DSCN1754 [640x480].JPG\" width=\"640\" height=\"480\" \/><\/span><\/p>\n<p><span style=\"font-family: 'comic sans ms', sans-serif; font-size: 12pt;\">A la carroza le anteced\u00eda el nuevo estandarte seguido por la cruz y detr\u00e1s todo el p\u00fablico que \u00edbamos a recibir a la Virgen. La recibimos en el Pair\u00f3n de San Juan Bautista emplazado en la zona conocida por la bomba a la entrada del pueblo, donde se coloca una aliga en la parte superior cuando realizamos el camino del mes de mayor al Santuario de la Virgen de la Aliaga situado en Cortes de Arag\u00f3n.<\/span><\/p>\n<p style=\"text-align: center;\"><span style=\"font-size: small;\"><img loading=\"lazy\" decoding=\"async\" height=\"480\" width=\"640\" src=\"doc\/Miguel Millan\/Virgen Aliaga 2013\/Visita a Segura\/640x480\/DSCN1766 [640x480].JPG\" style=\"vertical-align: middle;\" \/><\/span><\/p>\n","protected":false},"author":1,"featured_media":0,"comment_status":"open","ping_status":"open","sticky":false,"template":"","format":"standard","meta":{"ngg_post_thumbnail":0,"footnotes":""},"categories":[30],"tags":[],"class_list":["post-213","post","type-post","status-publish","format-standard","hentry","category-virgen"],"_links":{"self":[{"href":"https:\/\/www.seguradeba\u00f1os.com\/index.php\/wp-json\/wp\/v2\/posts\/213","targetHints":{"allow":["GET"]}}],"collection":[{"href":"https:\/\/www.seguradeba\u00f1os.com\/index.php\/wp-json\/wp\/v2\/posts"}],"about":[{"href":"https:\/\/www.seguradeba\u00f1os.com\/index.php\/wp-json\/wp\/v2\/types\/post"}],"author":[{"embeddable":true,"href":"https:\/\/www.seguradeba\u00f1os.com\/index.php\/wp-json\/wp\/v2\/users\/1"}],"replies":[{"embeddable":true,"href":"https:\/\/www.seguradeba\u00f1os.com\/index.php\/wp-json\/wp\/v2\/comments?post=213"}],"version-history":[{"count":0,"href":"https:\/\/www.seguradeba\u00f1os.com\/index.php\/wp-json\/wp\/v2\/posts\/213\/revisions"}],"wp:attachment":[{"href":"https:\/\/www.seguradeba\u00f1os.com\/index.php\/wp-json\/wp\/v2\/media?parent=213"}],"wp:term":[{"taxonomy":"category","embeddable":true,"href":"https:\/\/www.seguradeba\u00f1os.com\/index.php\/wp-json\/wp\/v2\/categories?post=213"},{"taxonomy":"post_tag","embeddable":true,"href":"https:\/\/www.seguradeba\u00f1os.com\/index.php\/wp-json\/wp\/v2\/tags?post=213"}],"curies":[{"name":"wp","href":"https:\/\/api.w.org\/{rel}","templated":true}]}}