{"id":226,"date":"2014-04-16T14:37:31","date_gmt":"2014-04-16T14:37:31","guid":{"rendered":"https:\/\/www.xn--seguradebaos-jhb.com\/index.php\/2014\/04\/16\/virgen-de-la-aliaga-2014\/"},"modified":"2014-04-16T14:37:31","modified_gmt":"2014-04-16T14:37:31","slug":"virgen-de-la-aliaga-2014","status":"publish","type":"post","link":"https:\/\/www.seguradeba\u00f1os.com\/index.php\/2014\/04\/16\/virgen-de-la-aliaga-2014\/","title":{"rendered":"VIRGEN DE LA ALIAGA 2014"},"content":{"rendered":"<p><center><span style=\"font-family: 'comic sans ms', sans-serif; font-size: 14pt; color: #0000ff; font-weight: bold;\"><span style=\"font-size: 12pt;\"><strong><strong><span style=\"font-size: 14pt;\"><span style=\"font-family: 'comic sans ms', sans-serif;\"><strong>VIRGEN DE LA ALIAGA 2014<\/strong><\/span><\/span><\/strong><\/strong> <\/span><\/span><\/center><\/p>\n<p style=\"text-align: justify;\"><span style=\"font-size: 12pt;\"><span style=\"color: #000000;\"><span style=\"font-size: 12pt;\"><span style=\"font-size: 12pt;\"><span style=\"font-size: 12pt;\"><span style=\"font-size: 12pt;\"><span style=\"font-family: 'comic sans ms', sans-serif;\">Este a\u00f1o el d\u00eda que iremos a la Virgen de la Aliaga ser\u00e1 el 10 de mayo, como todos sabemos siempre es el segundo s\u00e1bado del mes de mayo y la Asociaci\u00f3n \u201cEl Castillo\u201d como todos los a\u00f1os esta preparando el acontecimiento que espero que este a\u00f1o y al ser el 12 aniversario que hacemos el camino andando desde que la Asociaci\u00f3n organiza este camino podamos participar un gran numero de caminantes.<\/span><\/span><\/span><\/span><\/span><\/span><\/span><\/p>\n<p style=\"text-align: center;\"><img decoding=\"async\" src=\"doc\/Miguel Millan\/Virgen Aliaga 2014\/antes\/DSCF0050 (Copiar).JPG\" style=\"vertical-align: middle;\" \/><\/p>\n<p style=\"text-align: justify;\"><span style=\"font-family: 'comic sans ms', sans-serif; font-size: 12pt; color: #000000;\">Como se indica en la ultima carta de la Asociaci\u00f3n, seria muy conveniente que os fueseis apuntando en la lista que se colocara en el Bar (hoy pe\u00f1a \u201cLos Sin Techo\u201d) ya que mientras no est\u00e9n terminadas las obras que se est\u00e1n realizando para tener un edificio de dos plantas nos vamos reuniendo en dicha pe\u00f1a.<\/span><\/p>\n<p style=\"text-align: justify;\"><span style=\"font-family: 'comic sans ms', sans-serif; font-size: 12pt; color: #000000;\">Miguel Mill\u00e1n Ruiz<\/span><\/p>\n<p style=\"font-family: 'comic sans ms', sans-serif; text-align: justify;\"><a href=\"mailto:miguelmillan@seguradebanos.com\"><span style=\"font-size: 12pt;\"><span style=\"font-size: 12pt;\"><span style=\"font-size: 12pt;\"><span style=\"font-size: 12pt;\"><span style=\"font-size: 12pt;\"><span style=\"font-size: 12pt;\"><span style=\"font-size: 12pt;\"><span style=\"font-size: 12pt;\"><span style=\"font-family: 'comic sans ms', sans-serif;\">miguelmillan@seguradebanos.com<\/span><\/span><\/span><\/span><\/span><\/span><\/span><\/span><\/span><\/a><\/p>\n","protected":false},"excerpt":{"rendered":"<p>VIRGEN DE LA ALIAGA 2014 Este a\u00f1o el d\u00eda que iremos a la Virgen de la Aliaga ser\u00e1 el 10 de mayo, como todos sabemos siempre es el segundo s\u00e1bado del mes de mayo y la Asociaci\u00f3n \u201cEl Castillo\u201d como todos los a\u00f1os esta preparando el acontecimiento que espero que este a\u00f1o y al ser [&hellip;]<\/p>\n","protected":false},"author":1,"featured_media":0,"comment_status":"open","ping_status":"open","sticky":false,"template":"","format":"standard","meta":{"ngg_post_thumbnail":0,"footnotes":""},"categories":[30],"tags":[],"class_list":["post-226","post","type-post","status-publish","format-standard","hentry","category-virgen"],"_links":{"self":[{"href":"https:\/\/www.seguradeba\u00f1os.com\/index.php\/wp-json\/wp\/v2\/posts\/226","targetHints":{"allow":["GET"]}}],"collection":[{"href":"https:\/\/www.seguradeba\u00f1os.com\/index.php\/wp-json\/wp\/v2\/posts"}],"about":[{"href":"https:\/\/www.seguradeba\u00f1os.com\/index.php\/wp-json\/wp\/v2\/types\/post"}],"author":[{"embeddable":true,"href":"https:\/\/www.seguradeba\u00f1os.com\/index.php\/wp-json\/wp\/v2\/users\/1"}],"replies":[{"embeddable":true,"href":"https:\/\/www.seguradeba\u00f1os.com\/index.php\/wp-json\/wp\/v2\/comments?post=226"}],"version-history":[{"count":0,"href":"https:\/\/www.seguradeba\u00f1os.com\/index.php\/wp-json\/wp\/v2\/posts\/226\/revisions"}],"wp:attachment":[{"href":"https:\/\/www.seguradeba\u00f1os.com\/index.php\/wp-json\/wp\/v2\/media?parent=226"}],"wp:term":[{"taxonomy":"category","embeddable":true,"href":"https:\/\/www.seguradeba\u00f1os.com\/index.php\/wp-json\/wp\/v2\/categories?post=226"},{"taxonomy":"post_tag","embeddable":true,"href":"https:\/\/www.seguradeba\u00f1os.com\/index.php\/wp-json\/wp\/v2\/tags?post=226"}],"curies":[{"name":"wp","href":"https:\/\/api.w.org\/{rel}","templated":true}]}}