{"id":231,"date":"2014-08-12T18:15:30","date_gmt":"2014-08-12T18:15:30","guid":{"rendered":"https:\/\/www.xn--seguradebaos-jhb.com\/index.php\/2014\/08\/12\/virgen-de-la-aliaga-2014-2\/"},"modified":"2014-08-12T18:15:30","modified_gmt":"2014-08-12T18:15:30","slug":"virgen-de-la-aliaga-2014-2","status":"publish","type":"post","link":"https:\/\/www.seguradeba\u00f1os.com\/index.php\/2014\/08\/12\/virgen-de-la-aliaga-2014-2\/","title":{"rendered":"VIRGEN DE LA ALIAGA 2014."},"content":{"rendered":"<p style=\"text-align: center;\"><strong><span style=\"font-size: 8pt;\"><span style=\"font-size: 14pt;\"><span style=\"font-family: 'comic sans ms', sans-serif;\">VIRGEN DE LA ALIAGA 2014<\/span><\/span><\/span><\/strong><\/p>\n<p><strong><span style=\"font-size: 8pt;\"><span style=\"font-size: 14pt;\"><span style=\"font-family: 'comic sans ms', sans-serif;\"> <\/span><\/span><\/span><\/strong><\/p>\n<p style=\"text-align: center;\"><strong><span style=\"font-size: 8pt;\"><span style=\"font-size: 14pt;\"><span style=\"font-family: 'comic sans ms', sans-serif;\">LA PARTICIPACI\u00d3N EN EL CAMINO A LA VIRGEN DE LA ALIAGA HA BAJADO UN POCO<\/span><\/span><\/span><\/strong><\/p>\n<p><span style=\"font-size: 8pt;\"><span style=\"font-size: 10pt;\">Hemos efectuado el 12 camino andando desde Segura de los Ba\u00f1os a la Virgen de la Aliaga; \u00a0este a\u00f1o se ha reducido un poco la participaci\u00f3n habiendo llegado a 70 personas; el mes de mayo es un poco complicado ya se celebran varios eventos como comuniones y que los familiares \u00a0no pueden desistir de su asistencia y por ello hace que no puedan acompa\u00f1arnos en este d\u00eda.<\/span><\/span><\/p>\n<p style=\"text-align: center;\"><img decoding=\"async\" style=\"vertical-align: middle;\" src=\"doc\/Miguel Millan\/Virgen Aliaga 2014\/VirgenAliaga\/Articulo\/1 (Copiar).JPG\" \/><\/p>\n<p><span style=\"font-size: 8pt;\"><span style=\"font-size: 10pt;\">Hemos echado en falta el repique de campanas que nos anunciaba que era el d\u00eda de la Virgen de la Aliaga; espero que el a\u00f1o pr\u00f3ximo este solucionado este tema ya que el sonido de las campanas da mucha alegr\u00eda y nos recuerda que es una fiesta muy esperado por todos; hacia unos a\u00f1os que el estandarte no salida de Segura por estar en mal estado; pero este a\u00f1o al haber uno nuevo y ser mas ligero se ha decidido que el mismo nos acompa\u00f1e y como portador del mismo ha sido Jes\u00fas persona que lo hace con mucho gusto y al que le deseamos dar las gracias.<\/span><\/span><\/p>\n<p style=\"text-align: center;\"><img decoding=\"async\" style=\"vertical-align: middle;\" src=\"doc\/Miguel Millan\/Virgen Aliaga 2014\/VirgenAliaga\/Articulo\/2 (Copiar).JPG\" \/><\/p>\n<p><span style=\"font-size: 8pt;\"><span style=\"font-size: 10pt;\">\u00a0<\/span><\/span><\/p>\n<p><span style=\"font-size: 12pt;\"><span style=\"font-size: 10pt;\">Cada a\u00f1o vemos gente nueva que se va uniendo al grupo y sobre todo \u00a0j\u00f3venes que nunca han efectuado este camino y al final del mismo se les ve la cara de alegr\u00eda por lo bien que se lo han pasado andando.<\/span><\/span><\/p>\n<p>\u00a0<\/p>\n<p style=\"text-align: center;\"><img decoding=\"async\" style=\"vertical-align: middle;\" src=\"doc\/Miguel Millan\/Virgen Aliaga 2014\/VirgenAliaga\/Articulo\/3 (Copiar).JPG\" \/><\/p>\n<p><span style=\"font-size: 8pt;\"><span style=\"font-size: 10pt;\">Desde el alto podemos ver \u00a0la \u201choya\u201d, el \u201cbalsete\u201d las \u201cparadas\u201d y el \u201ccarrascal y donde podemos coger un poco de oxigeno para que se nos limpien los pulmones por no existir contaminaci\u00f3n de clase alguna. El camino hasta el balsete lo tenemos que hacer con cuidado ya que la hierba que hay en el mismo hace a veces que alguno tengamos un resbal\u00f3n pero con cuidado no pasa nada.<\/span><\/span><\/p>\n<p style=\"text-align: center;\"><img decoding=\"async\" style=\"vertical-align: middle;\" src=\"doc\/Miguel Millan\/Virgen Aliaga 2014\/VirgenAliaga\/Articulo\/4 (Copiar).JPG\" \/><\/p>\n<p><span style=\"font-size: 8pt;\"><span style=\"font-size: 10pt;\">Dejamos a tras el camino de tierra, con toda su vegetaci\u00f3n tan florida en estas fechas sobre todo las aliagas con su color amarillo que hacen que el paisaje sea inmejorable dando una belleza a las monta\u00f1as que nos rodean; con el verdor de los campos sembrados de cebada y trigo llegamos al asfalto para continuar el camino; como obsequio a la Virgen le llevamos un ramillete de tomillo para depositarlo a sus pies.<\/span><\/span><\/p>\n<p style=\"text-align: center;\"><img decoding=\"async\" style=\"vertical-align: middle;\" src=\"doc\/Miguel Millan\/Virgen Aliaga 2014\/VirgenAliaga\/Articulo\/5 (Copiar).JPG\" \/><\/p>\n<p><span style=\"font-size: 8pt;\"><span style=\"font-size: 10pt;\">En la \u201cSalve\u201d donde antiguamente se rezaban unas oraciones los encargados del avituallamiento obsequio de la \u00a0Asociaci\u00f3n \u201cEl Castillo\u201d ya tienen unos buenos bocadillos preparados y la bebida bien fresca ya que se agradece en este d\u00eda de mucha calor; degustado el caf\u00e9 y descansando unos minutos\u00a0 continuamos el camino.<\/span><\/span><\/p>\n<p style=\"text-align: center;\"><img decoding=\"async\" style=\"vertical-align: middle;\" src=\"doc\/Miguel Millan\/Virgen Aliaga 2014\/VirgenAliaga\/Articulo\/6 (Copiar).JPG\" \/><\/p>\n<p><span style=\"font-size: 8pt;\"><span style=\"font-size: 10pt;\">Al estar todos reunidos en este paraje es cuando hacemos la foto a la persona de mayor edad que este a\u00f1o ha reca\u00eddo en \u00c1ngel Valiente Gadea de 72 a\u00f1os y \u00a0el de menor edad Marc Biesa Mill\u00e1n de 6 a\u00f1os; \u00a0el d\u00eda de la fiesta de la Asociaci\u00f3n se les entregada un trofeo que bien se lo han merecido<\/span><\/span><\/p>\n<p style=\"text-align: center;\"><img decoding=\"async\" style=\"vertical-align: middle;\" src=\"doc\/Miguel Millan\/Virgen Aliaga 2014\/VirgenAliaga\/Articulo\/7 (Copiar).JPG\" \/><\/p>\n<p><span style=\"font-size: 8pt;\"><span style=\"font-size: 10pt;\">\u00c1ngel me comenta que este camino para el es un paseo ya que esta acostumbrado a recorridos mas largos; el caminar es muy recomendable para la salud y estar en forma ya que hay un refr\u00e1n que dice que se andes el coraz\u00f3n se mueve; las personas mayores como m\u00ednimo deber\u00edan andar dos horas como m\u00edmico.<\/span><\/span><\/p>\n<p style=\"text-align: center;\"><img decoding=\"async\" style=\"vertical-align: middle;\" src=\"doc\/Miguel Millan\/Virgen Aliaga 2014\/VirgenAliaga\/Articulo\/8 (Copiar).JPG\" \/><\/p>\n<p><span style=\"font-size: 8pt;\"><span style=\"font-size: 10pt;\">Los gamones est\u00e1n en plena floraci\u00f3n en las monta\u00f1as que rodean la carretera por donde pasamos; alimento que se les daba a los cerdos para su engorde y poder tener unos buenos jamones; dejamos atr\u00e1s el cruce de Maicas y salimos del asfalto para ir por el camino hasta el Santuario de la Virgen de la Aliaga.<\/p>\n<p> La fuente que hay en la ermita tiene una gran afluencia de caminantes sin parar de ir i venir para refrescasen del calor que hace; visitamos la Virgen y le damos las gracias por haber podido acudir de nuevo este d\u00eda, ya que siempre la llevamos en nuestro coraz\u00f3n.<\/span><\/span><\/p>\n<p style=\"text-align: center;\"><img decoding=\"async\" style=\"vertical-align: middle;\" src=\"doc\/Miguel Millan\/Virgen Aliaga 2014\/VirgenAliaga\/Articulo\/9 (Copiar).JPG\" \/><\/p>\n<p><span style=\"font-size: 8pt;\"><span style=\"font-size: 10pt;\">En el interior vemos las reformas que van realizando para la conservaci\u00f3n del Santuario. Los caminantes ponemos a los pies de la Virgen una camiseta y unas aliagas bien floridas como ofrenda de este d\u00eda; con alegr\u00eda al poder estar en familia pasamos el d\u00eda. El refresco que ofrece el Ayuntamiento no se puede perder \u00a0ya que es una tradici\u00f3n.<\/span><\/span><\/p>\n<p style=\"text-align: center;\"><img decoding=\"async\" style=\"vertical-align: middle;\" src=\"doc\/Miguel Millan\/Virgen Aliaga 2014\/VirgenAliaga\/Articulo\/10 (Copiar).JPG\" \/><\/p>\n<p><span style=\"font-size: 8pt;\"><span style=\"font-size: 10pt;\">La misa es celebrada por el P\u00e1rroco Jes\u00fas Maria y se ha notado la falta de las ofrendas entre ellas las flores que ofrec\u00edan las se\u00f1oras \u00a0y el pan y vino que obsequiaba la Asociaci\u00f3n \u201cEl Castillo\u201d que este a\u00f1o debido a la crisis que estamos pasando ha decidido suprimir, confiemos que pronto vengan a\u00f1os mejores y a retorne esta tradici\u00f3n de anta\u00f1o que se hab\u00eda recuperado.<\/span><\/span><\/p>\n<p style=\"text-align: center;\"><img decoding=\"async\" style=\"vertical-align: middle;\" src=\"doc\/Miguel Millan\/Virgen Aliaga 2014\/VirgenAliaga\/Articulo\/11 (Copiar).JPG\" \/><\/p>\n<p><span style=\"font-size: 8pt;\"><span style=\"font-size: 10pt;\">Con el olor a carne asada y todos bajo las sombrillas y \u201cGindas\u201d que nos hemos prepara para soportar el calor que hace degustamos los deliciosos manjares que las amas de casa han preparado para este d\u00eda; se agotan los refrescos y se levanta un aire y el sol se esconde y aparecen unas gotas que nos hacer ir recogiendo los bart\u00edculos.<\/span><\/span><\/p>\n<p style=\"text-align: center;\"><img decoding=\"async\" style=\"vertical-align: middle;\" src=\"doc\/Miguel Millan\/Virgen Aliaga 2014\/VirgenAliaga\/Articulo\/12 (Copiar).JPG\" \/><\/p>\n<p><span style=\"font-size: 8pt;\"><span style=\"font-size: 10pt;\">Entramos en el Santuario para despedir la Virgen con los c\u00e1nticos \u201cLas Flores\u201d; habiendo sido este a\u00f1o un poco deslucidos ya que al p\u00e1rroco le hab\u00edan cerrado la sacrist\u00eda y no tenia micr\u00f3fono ni altavoces; menos mal que Jes\u00fas Maria tiene una buena voz y se ha puesto en medio del pasillo dirigir los c\u00e1nticos.<\/span><\/span><\/p>\n<p style=\"text-align: center;\"><img decoding=\"async\" style=\"vertical-align: middle;\" src=\"doc\/Miguel Millan\/Virgen Aliaga 2014\/VirgenAliaga\/Articulo\/13 (Copiar).JPG\" \/><\/p>\n<p><span style=\"font-size: 8pt;\"><span style=\"font-size: 10pt;\">Entre los caminantes que hemos hecho el camino andando habido 3 que han subido andando a Segura, Oscar, Anabel y Jordi, los cuales han tenido que soportar las inclemencias del tiempo con fuerte lluvia durante el camino, pero ellos demuestran que son devotos a la Virgen de la Aliaga y han querido recordar viejos tiempos.<\/span><\/span><\/p>\n<p style=\"text-align: center;\"><img decoding=\"async\" style=\"vertical-align: middle;\" src=\"doc\/Miguel Millan\/Virgen Aliaga 2014\/VirgenAliaga\/Articulo\/14 (Copiar).JPG\" \/><\/p>\n<p><span style=\"font-size: 8pt;\"><span style=\"font-size: 10pt;\">La Virgen nos quiso recompensar con la llegada de la lluvia el mismo d\u00eda de la visita\u00a0 y esperamos que el agua vaya llegando ya que los campos est\u00e1n notando la falta de este alimento de primera necesidad.<\/span><\/span><\/p>\n<p><span style=\"font-size: 8pt;\"><span style=\"font-size: 10pt;\">Animarse que al a\u00f1o pr\u00f3ximo tenemos que aumentar el n\u00famero de caminantes.<\/span><\/span><\/p>\n<p><span style=\"font-size: 8pt;\"><span style=\"font-size: 10pt;\">Miguel Mill\u00e1n Ruiz<\/span><\/span><\/p>\n<p><a href=\"mailto:miguelmillan@seguradebanos.com\"><span style=\"font-size: 8pt;\"><span style=\"font-size: 10pt;\">miguelmillan@seguradebanos.com<\/span><\/span><\/a><\/p>\n","protected":false},"excerpt":{"rendered":"<p style=\"text-align: center;\"><strong><span style=\"font-size: 8pt;\"><span style=\"font-size: 14pt;\"><span style=\"font-family: 'comic sans ms', sans-serif;\">VIRGEN DE LA ALIAGA 2014<\/span><\/span><\/span><\/strong><\/p>\n<p><strong><span style=\"font-size: 8pt;\"><span style=\"font-size: 14pt;\"><span style=\"font-family: 'comic sans ms', sans-serif;\"> <\/span><\/span><\/span><\/strong><\/p>\n<p style=\"text-align: center;\"><strong><span style=\"font-size: 8pt;\"><span style=\"font-size: 14pt;\"><span style=\"font-family: 'comic sans ms', sans-serif;\">LA PARTICIPACI\u00d3N EN EL CAMINO A LA VIRGEN DE LA ALIAGA HA BAJADO UN POCO<\/span><\/span><\/span><\/strong><\/p>\n<p><span style=\"font-size: 8pt;\"><span style=\"font-size: 10pt;\">Hemos efectuado el 12 camino andando desde Segura de los Ba\u00f1os a la Virgen de la Aliaga; \u00a0este a\u00f1o se ha reducido un poco la participaci\u00f3n habiendo llegado a 70 personas; el mes de mayo es un poco complicado ya se celebran varios eventos como comuniones y que los familiares \u00a0no pueden desistir de su asistencia y por ello hace que no puedan acompa\u00f1arnos en este d\u00eda.<\/span><\/span><\/p>\n<p style=\"text-align: center;\"><img decoding=\"async\" style=\"vertical-align: middle;\" src=\"doc\/Miguel Millan\/Virgen Aliaga 2014\/VirgenAliaga\/Articulo\/1 (Copiar).JPG\" \/><\/p>\n<p><span style=\"font-size: 8pt;\"><span style=\"font-size: 10pt;\">Hemos echado en falta el repique de campanas que nos anunciaba que era el d\u00eda de la Virgen de la Aliaga; espero que el a\u00f1o pr\u00f3ximo este solucionado este tema ya que el sonido de las campanas da mucha alegr\u00eda y nos recuerda que es una fiesta muy esperado por todos; hacia unos a\u00f1os que el estandarte no salida de Segura por estar en mal estado; pero este a\u00f1o al haber uno nuevo y ser mas ligero se ha decidido que el mismo nos acompa\u00f1e y como portador del mismo ha sido Jes\u00fas persona que lo hace con mucho gusto y al que le deseamos dar las gracias.<\/span><\/span><\/p>\n<p style=\"text-align: center;\"><img decoding=\"async\" style=\"vertical-align: middle;\" src=\"doc\/Miguel Millan\/Virgen Aliaga 2014\/VirgenAliaga\/Articulo\/2 (Copiar).JPG\" \/><\/p>\n<p><span style=\"font-size: 8pt;\"><span style=\"font-size: 10pt;\">\u00a0<\/span><\/span><\/p>\n","protected":false},"author":1,"featured_media":0,"comment_status":"open","ping_status":"open","sticky":false,"template":"","format":"standard","meta":{"ngg_post_thumbnail":0,"footnotes":""},"categories":[30],"tags":[],"class_list":["post-231","post","type-post","status-publish","format-standard","hentry","category-virgen"],"_links":{"self":[{"href":"https:\/\/www.seguradeba\u00f1os.com\/index.php\/wp-json\/wp\/v2\/posts\/231","targetHints":{"allow":["GET"]}}],"collection":[{"href":"https:\/\/www.seguradeba\u00f1os.com\/index.php\/wp-json\/wp\/v2\/posts"}],"about":[{"href":"https:\/\/www.seguradeba\u00f1os.com\/index.php\/wp-json\/wp\/v2\/types\/post"}],"author":[{"embeddable":true,"href":"https:\/\/www.seguradeba\u00f1os.com\/index.php\/wp-json\/wp\/v2\/users\/1"}],"replies":[{"embeddable":true,"href":"https:\/\/www.seguradeba\u00f1os.com\/index.php\/wp-json\/wp\/v2\/comments?post=231"}],"version-history":[{"count":0,"href":"https:\/\/www.seguradeba\u00f1os.com\/index.php\/wp-json\/wp\/v2\/posts\/231\/revisions"}],"wp:attachment":[{"href":"https:\/\/www.seguradeba\u00f1os.com\/index.php\/wp-json\/wp\/v2\/media?parent=231"}],"wp:term":[{"taxonomy":"category","embeddable":true,"href":"https:\/\/www.seguradeba\u00f1os.com\/index.php\/wp-json\/wp\/v2\/categories?post=231"},{"taxonomy":"post_tag","embeddable":true,"href":"https:\/\/www.seguradeba\u00f1os.com\/index.php\/wp-json\/wp\/v2\/tags?post=231"}],"curies":[{"name":"wp","href":"https:\/\/api.w.org\/{rel}","templated":true}]}}