{"id":233,"date":"2014-09-01T19:00:22","date_gmt":"2014-09-01T19:00:22","guid":{"rendered":"https:\/\/www.xn--seguradebaos-jhb.com\/index.php\/2014\/09\/01\/virgen-de-la-aliaga-2014-dia-del-sitio\/"},"modified":"2014-09-01T19:00:22","modified_gmt":"2014-09-01T19:00:22","slug":"virgen-de-la-aliaga-2014-dia-del-sitio","status":"publish","type":"post","link":"https:\/\/www.seguradeba\u00f1os.com\/index.php\/2014\/09\/01\/virgen-de-la-aliaga-2014-dia-del-sitio\/","title":{"rendered":"VIRGEN DE LA ALIAGA 2014. \u201cDIA DEL SITIO\u201d"},"content":{"rendered":"<p align=\"center\"><strong><span style=\"font-size: 12pt;\"><span style=\"font-size: 14pt;\"><span style=\"color: #339966;\"><span style=\"font-family: 'comic sans ms', sans-serif;\">VIRGEN DE LA ALIAGA 2014. \u201cDIA DEL SITIO\u201d<\/span><\/span><\/span><\/span><\/strong><\/p>\n<p><span style=\"font-size: 12pt;\">Como es costumbre en el Santuario de Ntra. Sra. de la Aliaga ubicado en Cortes de Arag\u00f3n a primeros de septiembre se viene celebrando el \u201cD\u00eda del Sitio\u201d y este a\u00f1o ha reca\u00eddo el d\u00eda 6 a las 12 horas.<\/span><\/p>\n<p><span style=\"font-size: 12pt;\">Espero que exista una gran afluencia de cofrades y devotos de la Virgen, donde podr\u00e1n pasar un d\u00eda de alegr\u00eda y siempre dando gracias para volver al a\u00f1o pr\u00f3ximo.<\/span><\/p>\n<p><span style=\"font-size: 12pt;\">Para el Domingo 7 de septiembre a las 18 horas, se celebrar\u00e1 una misa en conmemoraci\u00f3n de todos los cofrades difuntos y se nombrar\u00e1n en la Eucarist\u00eda a los cofrades difuntos desde el D\u00eda del Sitio del a\u00f1o pasado, si las familias lo solicitan.<\/span><\/p>\n<p><span style=\"font-size: 12pt;\"><br \/><\/span><\/p>\n<p><span style=\"font-size: 12pt;\">Miguel Mill\u00e1n Ruiz<\/span><\/p>\n<p><span style=\"font-size: 12pt;\"><a href=\"mailto:%20%3cscript%20language='JavaScript'%20type='text\/javascript'%3e%20%3c!--%20var%20prefix%20=%20'mailto:';%20var%20suffix%20=%20'';%20var%20attribs%20=%20'';%20var%20path%20=%20'hr'%20+%20'ef'%20+%20'=';%20var%20addy33680%20=%20'miguelmillan'%20+%20\"><\/a><a href=\"mailto:miguelmillan@seguradebanos.com\">miguelmillan@seguradebanos.com<\/a><\/span><\/p>\n<p><span style=\"font-size: 12pt;\">\u00a0<\/span><\/p>\n","protected":false},"excerpt":{"rendered":"<p>VIRGEN DE LA ALIAGA 2014. \u201cDIA DEL SITIO\u201d Como es costumbre en el Santuario de Ntra. Sra. de la Aliaga ubicado en Cortes de Arag\u00f3n a primeros de septiembre se viene celebrando el \u201cD\u00eda del Sitio\u201d y este a\u00f1o ha reca\u00eddo el d\u00eda 6 a las 12 horas. Espero que exista una gran afluencia de [&hellip;]<\/p>\n","protected":false},"author":1,"featured_media":0,"comment_status":"open","ping_status":"open","sticky":false,"template":"","format":"standard","meta":{"ngg_post_thumbnail":0,"footnotes":""},"categories":[30],"tags":[],"class_list":["post-233","post","type-post","status-publish","format-standard","hentry","category-virgen"],"_links":{"self":[{"href":"https:\/\/www.seguradeba\u00f1os.com\/index.php\/wp-json\/wp\/v2\/posts\/233","targetHints":{"allow":["GET"]}}],"collection":[{"href":"https:\/\/www.seguradeba\u00f1os.com\/index.php\/wp-json\/wp\/v2\/posts"}],"about":[{"href":"https:\/\/www.seguradeba\u00f1os.com\/index.php\/wp-json\/wp\/v2\/types\/post"}],"author":[{"embeddable":true,"href":"https:\/\/www.seguradeba\u00f1os.com\/index.php\/wp-json\/wp\/v2\/users\/1"}],"replies":[{"embeddable":true,"href":"https:\/\/www.seguradeba\u00f1os.com\/index.php\/wp-json\/wp\/v2\/comments?post=233"}],"version-history":[{"count":0,"href":"https:\/\/www.seguradeba\u00f1os.com\/index.php\/wp-json\/wp\/v2\/posts\/233\/revisions"}],"wp:attachment":[{"href":"https:\/\/www.seguradeba\u00f1os.com\/index.php\/wp-json\/wp\/v2\/media?parent=233"}],"wp:term":[{"taxonomy":"category","embeddable":true,"href":"https:\/\/www.seguradeba\u00f1os.com\/index.php\/wp-json\/wp\/v2\/categories?post=233"},{"taxonomy":"post_tag","embeddable":true,"href":"https:\/\/www.seguradeba\u00f1os.com\/index.php\/wp-json\/wp\/v2\/tags?post=233"}],"curies":[{"name":"wp","href":"https:\/\/api.w.org\/{rel}","templated":true}]}}