{"id":248,"date":"2015-07-06T00:00:00","date_gmt":"2015-07-06T00:00:00","guid":{"rendered":"https:\/\/www.xn--seguradebaos-jhb.com\/index.php\/2015\/07\/06\/virgen-de-la-aliaga-2015-2\/"},"modified":"2015-07-06T00:00:00","modified_gmt":"2015-07-06T00:00:00","slug":"virgen-de-la-aliaga-2015-2","status":"publish","type":"post","link":"https:\/\/www.seguradeba\u00f1os.com\/index.php\/2015\/07\/06\/virgen-de-la-aliaga-2015-2\/","title":{"rendered":"VIRGEN DE LA ALIAGA 2015"},"content":{"rendered":"<p style=\"text-align: center;\"><span style=\"font-size: 12pt;\"><strong><span style=\"color: #008000;\">VIRGEN DE LA ALIAGA 2015.<\/span><\/strong><\/span><\/p>\n<p><span style=\"font-size: 12pt;\"><strong><span style=\"color: #008000;\"> <\/span><\/strong><\/span><\/p>\n<p style=\"text-align: center;\"><em><span style=\"font-size: 12pt;\"><strong><span style=\"color: #008000;\">SE HA INCREMENTADO LA PARTICIPACION QUE HACEMOS EL CAMINO ANDANDO A LA VIRGEN DE LA ALIAGA.<\/span><\/strong><\/span><\/em><\/p>\n<p><strong> <\/strong><\/p>\n<p><span style=\"font-size: 12pt;\"><span style=\"font-family: 'comic sans ms', sans-serif;\">Este a\u00f1o hemos realizado el 13 camino andando de Segura de los Ba\u00f1os a la Virgen de la Aliaga y se ha aumentado considerablemente la participaci\u00f3n habiendo llegado a 83 personas y entre las mismas mucha juventud que son los que\u00a0 han de continuar con esta tradici\u00f3n.<\/span><\/span><\/p>\n<p><span style=\"font-size: 12pt;\"><span style=\"font-family: 'comic sans ms', sans-serif;\">Ha funcionado muy bien el reparto de camisetas ya que como novedad este a\u00f1o los participantes se han tenido que apuntar en la p\u00e1gina WEB de la Asociaci\u00f3n y \u00a0no ha habido problemas con las tallas.<\/span><\/span><\/p>\n<p style=\"text-align: center;\"><span style=\"font-size: 12pt;\"><span style=\"font-family: 'comic sans ms', sans-serif;\"><img decoding=\"async\" src=\"doc\/Miguel Millan\/Virgen Aliaga 2015\/articulo\/800x600\/DSCN0004 (Copiar).JPG\" style=\"vertical-align: middle;\" \/><\/span><\/span><\/p>\n<p><span style=\"font-size: 11.039999961853px;\"><span style=\"font-size: 12pt;\"><span style=\"font-family: 'comic sans ms', sans-serif;\">El repique de campanas ha despertado a los menos madrugadores para anunciarles que este d\u00eda en Segura es fiesta mayor y que deben acudir como de costumbre a la Plaza de la Iglesia para hacerse la foto de grupo y poder comenzar el camino andando hasta la ermita\u00a0 de la Virgen de la Aliga en Cortes de Arag\u00f3n.<\/span><\/span><\/span><\/p>\n<p style=\"text-align: center;\"><span style=\"font-size: 12pt;\"><span style=\"font-family: 'comic sans ms', sans-serif;\"><img decoding=\"async\" src=\"doc\/Miguel Millan\/Virgen Aliaga 2015\/articulo\/800x600\/DSCN0012 (Copiar).JPG\" style=\"vertical-align: middle;\" \/><\/span><\/span><\/p>\n<p><span style=\"font-size: 11.039999961853px;\"><span style=\"font-size: 12pt;\"><span style=\"font-family: 'comic sans ms', sans-serif;\">Las personas que no puede hacer el camino andando han salido a la calle y han quedado sorprendidas de la multitud que \u00edbamos en el grupo y nos han animado a continuar nuestra ruta.<\/span><\/span><\/span><\/p>\n<p><span style=\"font-size: 12pt;\"><span style=\"font-family: 'comic sans ms', sans-serif;\">Al pasar por el peir\u00f3n de \u00abSan Juan\u00bb pudimos ver que se hab\u00eda colocado una aliaga siendo el s\u00edmbolo de la Virgen que le apareci\u00f3\u00a0 a un pastor encima de una aliaga; dentro del grupo de los arbustos est\u00e1 incluida la aliaga que viene floreciendo entre los meses de enero a julio y todo depende de la localidad y del a\u00f1o; como este a\u00f1o ha sido bastante bueno por ello estaban en plena floraci\u00f3n.<\/span><\/span><\/p>\n<p><span style=\"font-size: 12pt;\"><span style=\"font-family: 'comic sans ms', sans-serif;\">Continuamos el camino donde podemos o\u00edr el canto de las perdices y no muy lejos divisamos unas cuantas cabras que quedan paradas al ver tanta gente que \u00edbamos andando. Las mismas no se inmutan y contin\u00faan comiendo hierba en los campos\u00a0 que est\u00e1n sin cultivar y sin labrar siendo un alimento de primera calidad para estos animales. Llegamos al \u00abalto\u00bb donde hacemos la primera parada, para refrescarnos ya que el calor a esta hora de la ma\u00f1ana es abrasador y nos tenemos que ir desprendiendo de las chaquetas que alguno de nosotros llevamos puestas y al mismo tiempo aprovechamos para hacer fotograf\u00edas en las que el pueblo sale como fondo.<\/span><\/span><\/p>\n<p style=\"text-align: center;\"><span style=\"font-size: 12pt;\"><span style=\"font-family: 'comic sans ms', sans-serif;\"><img decoding=\"async\" src=\"doc\/Miguel Millan\/Virgen Aliaga 2015\/articulo\/800x600\/DSCN0024 (Copiar).JPG\" style=\"vertical-align: middle;\" \/><\/span><\/span><\/p>\n<p><span style=\"font-size: 12pt;\"><span style=\"font-family: 'comic sans ms', sans-serif;\">Para bajar hasta el \u00abbalsete\u00bb lo hacemos por el camino de siempre y el mismo est\u00e1 en muy malas condiciones ya que la maleza se est\u00e1 aprovechando del mismo y a veces queda cerrado y tenemos que andar con mucho cuidado para no resbalar y producirnos alg\u00fan esguince o torcedura de tobillo; este camino antes era muy frecuentado pero en la actualidad no es concurrido.<\/span><\/span><\/p>\n<p style=\"text-align: center;\"><span style=\"font-size: 12pt;\"><span style=\"font-family: 'comic sans ms', sans-serif;\"><img decoding=\"async\" src=\"doc\/Miguel Millan\/Virgen Aliaga 2015\/articulo\/800x600\/DSCN0031 (Copiar).JPG\" style=\"vertical-align: middle;\" \/><\/span><\/span><\/p>\n<p><span style=\"font-size: 12pt;\"><span style=\"font-family: 'comic sans ms', sans-serif;\">Muchos de los ni\u00f1os que hacen el camino quedan parados al ver el balsete con agua y se preguntan que como es que en medio de una peque\u00f1a monta\u00f1a\u00a0 existe un lugar donde se recoge el agua y los m\u00e1s veteranos les damos las explicaciones pertinentes; indic\u00e1ndoles que el agua se recoge de la lluvia y al tener un suelo bastante impermeable se va conservando bastante tiempo y si de vez en cuando llueve siempre hay agua. Este agua era para beber las ovejas que formaban un reba\u00f1o de los muchos que hab\u00eda en Segura; hoy d\u00eda solamente sirve para que los animales y aves que hay por la zona pueden beber agua.<\/span><\/span><\/p>\n<p style=\"text-align: center;\"><span style=\"font-size: 12pt;\"><span style=\"font-family: 'comic sans ms', sans-serif;\"><img decoding=\"async\" src=\"doc\/Miguel Millan\/Virgen Aliaga 2015\/articulo\/800x600\/DSCN0052 (Copiar).JPG\" style=\"vertical-align: middle;\" \/><\/span><\/span><\/p>\n<p><span style=\"font-size: 12pt;\"><span style=\"font-family: 'comic sans ms', sans-serif;\">Por la carretera llegamos a la \u00abSalve\u00bb donde la Asociaci\u00f3n \u00abEl Castillo\u00bb nos ofrece un avituallamiento compuesto de un buen jam\u00f3n y embutidos de denominaci\u00f3n de origen Teruel, bebidas refrescantes y un buen caf\u00e9, con lo que cogemos fuerzas para continuar hasta el Santuario de la Virgen.<\/span><\/span><\/p>\n<p style=\"text-align: center;\"><span style=\"font-size: 12pt;\"><span style=\"font-family: 'comic sans ms', sans-serif;\"><img decoding=\"async\" src=\"doc\/Miguel Millan\/Virgen Aliaga 2015\/articulo\/800x600\/DSCN0071 (Copiar).JPG\" style=\"vertical-align: middle;\" \/><\/span><\/span><\/p>\n<p><span style=\"font-size: 12pt;\"><span style=\"font-family: 'comic sans ms', sans-serif;\">La persona de mayor edad que hizo el camino ha sido \u00c1ngel Valiente Gadea de 73 a\u00f1os y la de menor edad Leire Calvo Ferreruela de 5 a\u00f1os, \u00a0a los que el d\u00eda de la fiesta de la Asociaci\u00f3n se les entregar\u00e1 un trofeo como recuerdo de este d\u00eda.<\/span><\/span><\/p>\n<p style=\"text-align: center;\"><span style=\"font-size: 12pt;\"><span style=\"font-family: 'comic sans ms', sans-serif;\"><img decoding=\"async\" src=\"doc\/Miguel Millan\/Virgen Aliaga 2015\/articulo\/800x600\/DSCN0075 (Copiar).JPG\" style=\"vertical-align: middle;\" \/><\/span><\/span><\/p>\n<p><span style=\"font-size: 12pt;\"><span style=\"font-family: 'comic sans ms', sans-serif;\">En las monta\u00f1as cercanas vemos la gran afluencia de gamones, todos ellos en plena floraci\u00f3n. El gam\u00f3n es una planta perenne con ra\u00edces carnosas (tub\u00e9rculo), perteneciente a la familia de las lili\u00e1ceas y que puede alcanzar un metro de altura. Sus hojas son basales, semicil\u00edndricas y las flores campanuladas, de color marcadamente blanco, con una l\u00ednea rojiza en los p\u00e9talos y s\u00e9palos. El fruto tiene forma de c\u00e1psula de forma ovoide, localizadas al final de unos cortos ped\u00fanculos, y son de color amarillo-verdoso que se abren en tres partes al madurar, para dejar libres a las semillas que se encierran en su interior.<\/span><\/span><\/p>\n<p style=\"text-align: center;\"><span style=\"font-size: 12pt;\"><span style=\"font-family: 'comic sans ms', sans-serif;\"><img decoding=\"async\" src=\"doc\/Miguel Millan\/Virgen Aliaga 2015\/articulo\/800x600\/DSCN0099 (Copiar).JPG\" style=\"vertical-align: middle;\" \/><\/span><\/span><\/p>\n<p><span style=\"font-size: 12pt;\"><span style=\"font-family: 'comic sans ms', sans-serif;\">Los caminantes vamos detr\u00e1s del estandarte siendo el portador Jes\u00fas persona muy arraigada a este d\u00eda.<\/span><\/span><\/p>\n<p style=\"text-align: center;\"><span style=\"font-size: 12pt;\"><span style=\"font-family: 'comic sans ms', sans-serif;\"><img decoding=\"async\" src=\"doc\/Miguel Millan\/Virgen Aliaga 2015\/articulo\/800x600\/DSCN0121 (Copiar).JPG\" style=\"vertical-align: middle;\" \/><\/span><\/span><\/p>\n<p><span style=\"font-size: 12pt;\"><span style=\"font-family: 'comic sans ms', sans-serif;\">Al llegar a la ermita quedamos sorprendido ya que la puerta lateral izquierda por donde entramos cada a\u00f1o los caminantes estaba cerrada y el acceso lo tuvimos que hacer por la puerta principal del recinto; al final se pudo arreglar este peque\u00f1o problema y la puerta se abri\u00f3 para poder entrar y salir, espero que al a\u00f1o que viene no vuelva a ocurrir la mismo.<\/span><\/span><\/p>\n<p><span style=\"font-size: 12pt;\"><span style=\"font-family: 'comic sans ms', sans-serif;\">La fotograf\u00eda de grupo en la ermita no se pudo hacer ya que muchos caminantes al ver a la familia que hab\u00eda llegado para pasar este d\u00eda juntos se comenzaron a saludar y el grupo se fue disolviendo, siendo imposible volverse a juntar. A los pies de la Virgen dejamos el tomillo que hab\u00edamos cogido durante el camino y en las monta\u00f1as de Segura.<\/span><\/span><\/p>\n<p style=\"text-align: center;\"><span style=\"font-size: 12pt;\"><span style=\"font-family: 'comic sans ms', sans-serif;\"><img decoding=\"async\" src=\"doc\/Miguel Millan\/Virgen Aliaga 2015\/articulo\/800x600\/DSCN0172 (Copiar).JPG\" style=\"vertical-align: middle;\" \/><\/span><\/span><\/p>\n<p><span style=\"font-size: 12pt;\"><span style=\"font-family: 'comic sans ms', sans-serif;\">Pasamos todos los caminantes a visitar a la Virgen y luego compartimos con los familiares y amigos un rato de tertulia hasta que el Ayuntamiento nos obsequia con el refresco tradicional y las botellas de refrescos quedan agotadas ya que el calor que hace es insoportable.<\/span><\/span><\/p>\n<p style=\"text-align: center;\"><span style=\"font-size: 12pt;\"><span style=\"font-family: 'comic sans ms', sans-serif;\"><img decoding=\"async\" src=\"doc\/Miguel Millan\/Virgen Aliaga 2015\/articulo\/800x600\/DSCN0133 (Copiar).JPG\" style=\"vertical-align: middle;\" \/><\/span><\/span><\/p>\n<p><span style=\"font-size: 12pt;\"><span style=\"font-family: 'comic sans ms', sans-serif;\">La juventud est\u00e1 muy animada y nos acompa\u00f1a cada vez m\u00e1s en hacer el camino andando y celebrar este d\u00eda que debemos conservar ya que es una tradici\u00f3n de nuestros antepasados y que no tenemos que dejar que recaiga.<\/span><\/span><\/p>\n<p style=\"text-align: center;\"><span style=\"font-size: 12pt;\"><span style=\"font-family: 'comic sans ms', sans-serif;\"><img decoding=\"async\" src=\"doc\/Miguel Millan\/Virgen Aliaga 2015\/articulo\/800x600\/DSCN0321 (Copiar).JPG\" style=\"vertical-align: middle;\" \/><\/span><\/span><\/p>\n<p><span style=\"font-size: 12pt;\"><span style=\"font-family: 'comic sans ms', sans-serif;\">El P\u00e1rroco Jes\u00fas Mar\u00eda toca la campanilla y nos invita a la celebraci\u00f3n de la Santa Misa y al finalizar la misma la Virgen en su pedestal llevada a hombros por las mozas del pueblo hace el recorrido en procesi\u00f3n al rededor de la ermita. Al finalizar la misa se saluda al rector del santuario P\u00e1rroco Avelino Jos\u00e9 Belenguer \u00a0con el cual me une una buena amistad.<\/span><\/span><\/p>\n<p style=\"text-align: center;\"><span style=\"font-size: 12pt;\"><span style=\"font-family: 'comic sans ms', sans-serif;\"><img decoding=\"async\" src=\"doc\/Miguel Millan\/Virgen Aliaga 2015\/articulo\/800x600\/DSCN0147 (Copiar).JPG\" style=\"vertical-align: middle;\" \/><\/span><\/span><\/p>\n<p><span style=\"font-size: 12pt;\"><span style=\"font-family: 'comic sans ms', sans-serif;\">Con el calor insoportable que hacia este d\u00eda los m\u00e1s valientes se arriman a las brasas para colocar las parrillas y hacer el asado de los deliciosos manjares que luego son saboreados por los comensales en las mesas entre familiares y amigos. Este a\u00f1o una persona hizo un bizcocho recubierto con la imagen de la Virgen de la Aliaga en celebraci\u00f3n al d\u00eda en que est\u00e1bamos.<\/span><\/span><\/p>\n<p style=\"text-align: center;\"><span style=\"font-size: 12pt;\"><span style=\"font-family: 'comic sans ms', sans-serif;\"><img decoding=\"async\" src=\"doc\/Miguel Millan\/Virgen Aliaga 2015\/articulo\/800x600\/DSCN0263 (Copiar).JPG\" style=\"vertical-align: middle;\" \/><\/span><\/span><\/p>\n<p><span style=\"font-size: 12pt;\"><span style=\"font-family: 'comic sans ms', sans-serif;\">Durante los cantos de las flores se produjeron varias interferencias y todo ello debido al mal funcionamiento del grupo electr\u00f3geno, la luz estaba todo el rato intermitente sin poder terminar como se deseaba la despedida de la Virgen. Creo que se tendr\u00eda que hacer un esfuerzo por la junta de la cofrad\u00eda para poder instalar placas solares y estos problemas quedar\u00edan solucionados.<\/span><\/span><\/p>\n<p><span style=\"font-size: 12pt;\"><span style=\"font-family: 'comic sans ms', sans-serif;\">Como final nos despedimos de la Virgen, rog\u00e1ndole que nos proteja para poder volver al a\u00f1o pr\u00f3ximo y que la lluvia llegue pronto a nuestras tierras para que los cereales puedan crecer y tener una buena cosecha, ya que este es el motivo principal de esta visita.<\/span><\/span><\/p>\n<p><span style=\"font-size: 12pt;\"><span style=\"font-family: 'comic sans ms', sans-serif;\">Como el a\u00f1o pasado Oscar, Annabel y Jordi, han vuelto a Segura andando por el mismo camino que hab\u00edan hecho por la ma\u00f1ana, a los cuales se les ha de felicitar por el \u00e1nimo que han tenido y poder soportar el calor que hacia este d\u00eda.<\/span><\/span><\/p>\n<p style=\"text-align: center;\"><span style=\"font-size: 12pt;\"><span style=\"font-family: 'comic sans ms', sans-serif;\"><img decoding=\"async\" src=\"doc\/Miguel Millan\/Virgen Aliaga 2015\/articulo\/800x600\/DSCN0367 (Copiar).JPG\" style=\"vertical-align: middle;\" \/><\/span><\/span><\/p>\n<p><span style=\"font-size: 12pt;\"><span style=\"font-family: 'comic sans ms', sans-serif;\">Este a\u00f1o la cofrad\u00eda ha editado unas cintas de tela de varios colores de 2,5 cm de ancho y 44,5 cm de longitud \u00a0para conseguir dinero para la conservaci\u00f3n de la ermita y sufragar las obras que se van realizando; en dichas cintas aparece en el centro la imagen de la Virgen de la Aliaga enlazada con los pueblos que est\u00e1n integrados en la cofrad\u00eda: Anad\u00f3n, Huesa del Com\u00fan, Cortes de Arag\u00f3n, Josa, Blesa, Maicas, La Hoz de la Vieja, Plou, Segura de los Ba\u00f1os y Muniesa.<\/span><\/span><\/p>\n<p style=\"text-align: center;\"><span style=\"font-size: 12pt;\"><span style=\"font-family: 'comic sans ms', sans-serif;\"><img decoding=\"async\" src=\"doc\/Miguel Millan\/Virgen Aliaga 2015\/articulo\/800x600\/cinta (Copiar).jpg\" style=\"vertical-align: middle;\" \/><\/span><\/span><\/p>\n<p><span style=\"font-size: 12pt;\"><span style=\"font-family: 'comic sans ms', sans-serif;\">Al a\u00f1o pr\u00f3ximo deseo que se aumente el n\u00famero de personas que bajemos andando.<\/span><\/span><\/p>\n<p><span style=\"font-size: 12pt;\"><span style=\"font-family: 'comic sans ms', sans-serif;\">Miguel Mill\u00e1n Ruiz<\/span><\/span><\/p>\n<p><a href=\"mailto:miguelmillan@seguradebanos.com\"><span style=\"font-size: 12pt;\"><span style=\"font-family: 'comic sans ms', sans-serif;\">miguelmillan@seguradebanos.com<\/span><\/span><\/a><\/p>\n","protected":false},"excerpt":{"rendered":"<p>VIRGEN DE LA ALIAGA 2015. SE HA INCREMENTADO LA PARTICIPACION QUE HACEMOS EL CAMINO ANDANDO A LA VIRGEN DE LA ALIAGA. Este a\u00f1o hemos realizado el 13 camino andando de Segura de los Ba\u00f1os a la Virgen de la Aliaga y se ha aumentado considerablemente la participaci\u00f3n habiendo llegado a 83 personas y entre las [&hellip;]<\/p>\n","protected":false},"author":1,"featured_media":0,"comment_status":"open","ping_status":"open","sticky":false,"template":"","format":"standard","meta":{"ngg_post_thumbnail":0,"footnotes":""},"categories":[30],"tags":[],"class_list":["post-248","post","type-post","status-publish","format-standard","hentry","category-virgen"],"_links":{"self":[{"href":"https:\/\/www.seguradeba\u00f1os.com\/index.php\/wp-json\/wp\/v2\/posts\/248","targetHints":{"allow":["GET"]}}],"collection":[{"href":"https:\/\/www.seguradeba\u00f1os.com\/index.php\/wp-json\/wp\/v2\/posts"}],"about":[{"href":"https:\/\/www.seguradeba\u00f1os.com\/index.php\/wp-json\/wp\/v2\/types\/post"}],"author":[{"embeddable":true,"href":"https:\/\/www.seguradeba\u00f1os.com\/index.php\/wp-json\/wp\/v2\/users\/1"}],"replies":[{"embeddable":true,"href":"https:\/\/www.seguradeba\u00f1os.com\/index.php\/wp-json\/wp\/v2\/comments?post=248"}],"version-history":[{"count":0,"href":"https:\/\/www.seguradeba\u00f1os.com\/index.php\/wp-json\/wp\/v2\/posts\/248\/revisions"}],"wp:attachment":[{"href":"https:\/\/www.seguradeba\u00f1os.com\/index.php\/wp-json\/wp\/v2\/media?parent=248"}],"wp:term":[{"taxonomy":"category","embeddable":true,"href":"https:\/\/www.seguradeba\u00f1os.com\/index.php\/wp-json\/wp\/v2\/categories?post=248"},{"taxonomy":"post_tag","embeddable":true,"href":"https:\/\/www.seguradeba\u00f1os.com\/index.php\/wp-json\/wp\/v2\/tags?post=248"}],"curies":[{"name":"wp","href":"https:\/\/api.w.org\/{rel}","templated":true}]}}