{"id":251,"date":"2015-09-02T18:41:43","date_gmt":"2015-09-02T18:41:43","guid":{"rendered":"https:\/\/www.xn--seguradebaos-jhb.com\/index.php\/2015\/09\/02\/virgen-de-la-aliaga-2015-dia-del-sitio\/"},"modified":"2015-09-02T18:41:43","modified_gmt":"2015-09-02T18:41:43","slug":"virgen-de-la-aliaga-2015-dia-del-sitio","status":"publish","type":"post","link":"https:\/\/www.seguradeba\u00f1os.com\/index.php\/2015\/09\/02\/virgen-de-la-aliaga-2015-dia-del-sitio\/","title":{"rendered":"VIRGEN DE LA ALIAGA 2015. \u201cDIA DEL SITIO\u201d"},"content":{"rendered":"<p style=\"text-align: center;\"><span style=\"font-size: 11.039999961853px;\"><span style=\"font-size: 14pt;\"><span><span style=\"color: #ff6600;\"><span><strong><span style=\"font-family: 'arial black', 'avant garde';\">VIRGEN DE LA ALIAGA 2015. \u00abDIA DEL SITIO\u00bb<\/span><\/strong><\/span><\/span><\/span><\/span><\/span><\/p>\n<p><span style=\"font-size: 10pt;\"><span style=\"font-family: 'comic sans ms', sans-serif;\">En el Santuario de Ntra. Sra. de la Aliaga ubicado en Cortes de Arag\u00f3n el s\u00e1bado 5 de septiembre se celebrar\u00e1 el \u00abD\u00eda del Sitio\u00bb, donde todos los pueblos que pertenecen a la Cofrad\u00eda de la Sant\u00edsima Virgen de la Aliaga: Anad\u00f3n, Blesa, Huesa del Com\u00fan, Josa, La Hoz de la Vieja, Maicas, Muniesa, Plou, Segura de los Ba\u00f1os y Cortes de Arag\u00f3n. Se vienen reuniendo este d\u00eda tan importante en compa\u00f1\u00eda de cofrades y devotos de la Virgen, donde pasar un d\u00eda inolvidable y siempre bajo la protecci\u00f3n del manto de la imagen a la cual siempre le venimos pidiendo que nos de fuerzas para poder volver al a\u00f1o pr\u00f3ximo.<br \/>Este mismo d\u00eda la Cofrad\u00eda de la Sant\u00edsima Virgen de la Aliaga se hermana con la Cofrad\u00eda de la Virgen de la Zarza.<\/span><\/span><\/p>\n<p><span style=\"font-size: 10pt;\"><span style=\"font-family: 'comic sans ms', sans-serif;\">El acto de hermanamiento tendr\u00e1 lugar el d\u00eda 5 de Septiembre, s\u00e1bado, en el Santuario de Nuestra Se\u00f1ora de la Aliaga en Cortes de Arag\u00f3n (Teruel), con la celebraci\u00f3n de la Eucarist\u00eda presidida por el Obispo de la Di\u00f3cesis de Teruel y Albarrac\u00edn, Monse\u00f1or Carlos Escribano, y a continuaci\u00f3n los actos protocolarios de la firma de documentos.<\/span><\/span><\/p>\n<p style=\"text-align: center;\"><span style=\"font-size: 12pt;\"><span style=\"font-family: 'comic sans ms', sans-serif;\"><img decoding=\"async\" src=\"doc\/Miguel Millan\/DiaSitio2015\/zarza.jpg\" \/><\/span><\/span><\/p>\n<p align=\"center\">Imagen de la Virgen de la Zarza\u00a0(Aliaga)<\/p>\n<p><strong><span style=\"font-size: 10pt;\"> Programa de actos: <\/span><\/strong><\/p>\n<p><span style=\"font-size: 10pt;\">S\u00c1BADO 5.<\/span><\/p>\n<p style=\"padding-left: 30px;\">\u00b7<span style=\"font-size: 10pt;\"> 11:15h: Concentraci\u00f3n de las dos cofrad\u00edas en la Fuente de Cortes de Arag\u00f3n.<\/span><\/p>\n<p style=\"padding-left: 30px;\"><span style=\"font-size: 10pt;\">\u00b7             11:30h: Recibimiento del Sr. Obispo dela di\u00f3cesis, don Carlos Escribano<\/span><\/p>\n<p style=\"padding-left: 30px;\"><span style=\"font-size: 10pt;\">\u00b7             11:35h: Palabras de saludo y bienvenida a las dos cofrad\u00edas por parte del consiliario-capell\u00e1n de la Cofrad\u00eda de la Sant\u00edsima Virgen de la Aliaga. Todos juntos marchan  cantando   hacia el Santuario de la Virgen de la Aliaga.<\/span><\/p>\n<p style=\"padding-left: 30px;\"><span style=\"font-size: 10pt;\">\u00b7             12:00h: Celebraci\u00f3n de la Eucarist\u00eda:<\/span><\/p>\n<p style=\"padding-left: 60px;\"><span style=\"font-size: 10pt;\">\u00b7       Saludo de bienvenida del secretario de la Comisi\u00f3n Pro-hermanamiento y explicaci\u00f3n del acto del hermanamiento.<br \/><\/span><span style=\"font-size: 10pt;\">\u00b7       Bendici\u00f3n  de las metopas conmemorativas por el Sr. Obispo.<br \/><\/span><span style=\"font-size: 10pt;\">\u00b7       Intercambio de las metopas conmemorativas entre las juntas de gobierno respectivas.<br \/><\/span><span style=\"font-size: 10pt;\">\u00b7       Bendici\u00f3n  e imposici\u00f3n de las medallas de cofrade.<br \/><\/span><span style=\"font-size: 10pt;\">\u00b7       Cantos y lecturas.<br \/><\/span><span style=\"font-size: 10pt;\">\u00b7       Diversas ofrendas, incluido el pan bendito.<br \/><\/span><span style=\"font-size: 10pt;\">\u00b7       Reparto del pan bendito.<br \/><\/span><span style=\"font-size: 10pt;\">\u00b7       Ratificaci\u00f3n del protocolo de Hermanamiento mediante firma en el altar mayor del Acta de Constituci\u00f3n. El  acta que ser\u00e1 firmada por los dos secretarios, presidentes y el rector del santuario, sehar\u00e1 por cuadruplicado.<br \/><\/span><span style=\"font-size: 10pt;\">\u00b7        Procesi\u00f3n encabezada por la cruz, los estandartes de ambas cofrad\u00edas y la imagen procesional de la Virgen de la Aliaga.<\/span><\/p>\n<p style=\"padding-left: 30px;\"><span style=\"font-size: 10pt;\">\u00b7             14:30h: Comida. Ser\u00e1 en Muniesa en el restaurante ROSA MARI  y su precio ser\u00e1 de 12 \u20ac, previa inscripci\u00f3n y pago en la persona-miembro de la Junta Directiva de cada pueblo de la Cofrad\u00eda.<\/span><\/p>\n<p><span style=\"font-size: 10pt;\">DOMINGO 6.<\/span><\/p>\n<p style=\"padding-left: 30px;\"><span style=\"font-size: 10pt;\">\u00b7\u00a018:00h: Misa en conmemoraci\u00f3n de todos los cofrades difuntos y se nombrar\u00e1n en la Eucarist\u00eda a los cofrades difuntos desde el D\u00eda del Sitio del a\u00f1o pasado, si las familias lo solicitan.<\/span><\/p>\n<p><span style=\"font-size: 10pt;\">Miguel Mill\u00e1n Ruiz<\/span><\/p>\n<p><a href=\"mailto:miguelmillan@seguradebanos.com\"><span style=\"font-size: 10pt;\">miguelmillan@seguradebanos.com<\/span><\/a><\/p>\n","protected":false},"excerpt":{"rendered":"<p>VIRGEN DE LA ALIAGA 2015. \u00abDIA DEL SITIO\u00bb En el Santuario de Ntra. Sra. de la Aliaga ubicado en Cortes de Arag\u00f3n el s\u00e1bado 5 de septiembre se celebrar\u00e1 el \u00abD\u00eda del Sitio\u00bb, donde todos los pueblos que pertenecen a la Cofrad\u00eda de la Sant\u00edsima Virgen de la Aliaga: Anad\u00f3n, Blesa, Huesa del Com\u00fan, Josa, [&hellip;]<\/p>\n","protected":false},"author":1,"featured_media":0,"comment_status":"open","ping_status":"open","sticky":false,"template":"","format":"standard","meta":{"ngg_post_thumbnail":0,"footnotes":""},"categories":[30],"tags":[],"class_list":["post-251","post","type-post","status-publish","format-standard","hentry","category-virgen"],"_links":{"self":[{"href":"https:\/\/www.seguradeba\u00f1os.com\/index.php\/wp-json\/wp\/v2\/posts\/251","targetHints":{"allow":["GET"]}}],"collection":[{"href":"https:\/\/www.seguradeba\u00f1os.com\/index.php\/wp-json\/wp\/v2\/posts"}],"about":[{"href":"https:\/\/www.seguradeba\u00f1os.com\/index.php\/wp-json\/wp\/v2\/types\/post"}],"author":[{"embeddable":true,"href":"https:\/\/www.seguradeba\u00f1os.com\/index.php\/wp-json\/wp\/v2\/users\/1"}],"replies":[{"embeddable":true,"href":"https:\/\/www.seguradeba\u00f1os.com\/index.php\/wp-json\/wp\/v2\/comments?post=251"}],"version-history":[{"count":0,"href":"https:\/\/www.seguradeba\u00f1os.com\/index.php\/wp-json\/wp\/v2\/posts\/251\/revisions"}],"wp:attachment":[{"href":"https:\/\/www.seguradeba\u00f1os.com\/index.php\/wp-json\/wp\/v2\/media?parent=251"}],"wp:term":[{"taxonomy":"category","embeddable":true,"href":"https:\/\/www.seguradeba\u00f1os.com\/index.php\/wp-json\/wp\/v2\/categories?post=251"},{"taxonomy":"post_tag","embeddable":true,"href":"https:\/\/www.seguradeba\u00f1os.com\/index.php\/wp-json\/wp\/v2\/tags?post=251"}],"curies":[{"name":"wp","href":"https:\/\/api.w.org\/{rel}","templated":true}]}}