{"id":263,"date":"2016-07-20T16:22:47","date_gmt":"2016-07-20T16:22:47","guid":{"rendered":"https:\/\/www.xn--seguradebaos-jhb.com\/index.php\/2016\/07\/20\/fiesta-del-sitio-2015-en-la-virgen-de-la-aliaga\/"},"modified":"2016-07-20T16:22:47","modified_gmt":"2016-07-20T16:22:47","slug":"fiesta-del-sitio-2015-en-la-virgen-de-la-aliaga","status":"publish","type":"post","link":"https:\/\/www.seguradeba\u00f1os.com\/index.php\/2016\/07\/20\/fiesta-del-sitio-2015-en-la-virgen-de-la-aliaga\/","title":{"rendered":"Fiesta del Sitio 2015 en la Virgen de la Aliaga"},"content":{"rendered":"<p><em>Fiesta del Sitio 2015 en la Virgen de la Aliaga<\/em><\/p>\n<p>Despu\u00e9s de muchos a\u00f1os de no poder asistir el d\u00eda del Sitio a la Virgen de la Aliaga, por fin se ha cumplido mi deseo y m\u00e1s sabiendo que se iba a celebrar un d\u00eda muy importe con el Hermanamiento de la Cofrad\u00eda de la Virgen de la Aliaga y la Cofrad\u00eda de la Virgen de la Zarza de Aliaga.<\/p>\n<p style=\"text-align: center;\"><span style=\"font-size: 12pt;\"><span style=\"font-family: 'comic sans ms', sans-serif;\"><img decoding=\"async\" style=\"vertical-align: middle;\" src=\"doc\/Miguel Millan\/SitioVirgenAliaga2015\/DSCN5068 (Copiar).JPG\" \/><\/span> <\/span><\/p>\n<p>Numerosas personas que se hab\u00edan desplazado de los pueblos que forman la Cofrad\u00eda de la Virgen de la Aliaga: Anad\u00f3n, Blesa, Huesa del Com\u00fan, Josa, La Hoz de la Vieja, Maicas, Munisesa, Plou, Segura de los Ba\u00f1os y Cortes de Arag\u00f3n, se congregaron en la fuente de Cortes que est\u00e1 al comienzo del camino que nos lleva al santuario. Una vez lleg\u00f3 el estandarte de la Virgen de la Zarza juntamente con el\u00a0 estandarte de la Virgen de la Aliaga, se inici\u00f3 en procesi\u00f3n el camino hasta el santuario; era muy\u00a0 impresionante el n\u00famero de pelegrinos que acudieron a esta cita.<\/p>\n<p style=\"text-align: center;\"><span style=\"font-size: 12pt;\"><span style=\"font-family: 'comic sans ms', sans-serif;\"><img decoding=\"async\" style=\"vertical-align: middle;\" src=\"doc\/Miguel Millan\/SitioVirgenAliaga2015\/DSCN5085 (Copiar).JPG\" \/><\/span> <\/span><\/p>\n<p>La santa misa cont\u00f3 con la presencia del Obispo Don Carlos Escribano de la Di\u00f3cesis de Teruel y Albarrac\u00edn y el Obispo Victorio Oliver Domingo que pertenece a la Di\u00f3cesis de Orihuela de Alicante y los Sacerdotes que regentan las iglesias de los pueblos que pertenecen a la Cofrad\u00eda de la Virgen de la Aliaga y entre ellos estaba el sacerdote de la Aliaga.<\/p>\n<p style=\"text-align: center;\"><span style=\"font-size: 12pt;\"><span style=\"font-family: 'comic sans ms', sans-serif;\"><img decoding=\"async\" style=\"vertical-align: middle;\" src=\"doc\/Miguel Millan\/SitioVirgenAliaga2015\/DSCN5126 (Copiar).JPG\" \/><\/span> <\/span><\/p>\n<p>Como es tradici\u00f3n en estos casos se realiz\u00f3 la procesi\u00f3n con la Virgen de la Aliaga a hombros de personas que pertenecen a ambas cofrad\u00edas por el alrededor del Santuario, tambi\u00e9n en esta procesi\u00f3n iban los dos estandartes de las v\u00edrgenes protagonista de este acto y como no pod\u00eda faltar\u00a0 entre los asistentes\u00a0 fue repartido el \u00abpan bendito\u00bb t\u00edpico y tradicional en estas fiestas.<\/p>\n<p style=\"text-align: center;\"><span style=\"font-size: 12pt;\"><span style=\"font-family: 'comic sans ms', sans-serif;\"><img decoding=\"async\" style=\"vertical-align: middle;\" src=\"doc\/Miguel Millan\/SitioVirgenAliaga2015\/DSCN5214 (Copiar).JPG\" \/><\/span> <\/span><\/p>\n<p>El colof\u00f3n final fue la firma del hermanamiento entre los dos representantes de las cofrad\u00edas de la Virgen de la Aliaga y la Virgen de la Zarza donde se intercambiaron un mural formado por seis azulejos donde figuran las dos im\u00e1genes de la virgen.<\/p>\n<p style=\"text-align: center;\"><span style=\"font-size: 12pt;\"><span style=\"font-family: 'comic sans ms', sans-serif;\"><img decoding=\"async\" style=\"vertical-align: middle;\" src=\"doc\/Miguel Millan\/SitioVirgenAliaga2015\/DSCN5212 (Copiar).JPG\" \/><\/span> <\/span><\/p>\n<p>Desde estas l\u00edneas quiere indicar que quede emocionado al ver tant\u00edsima gente que asisti\u00f3 a este acto y la ermita se quedaba peque\u00f1a; para m\u00ed ha sido un recuerdo que no olvidar\u00e9.<\/p>\n<p>Celebrar el d\u00eda del sitio el primer s\u00e1bado de septiembre es una fecha acertada y que todos recordamos. <\/p>\n<p> Miguel Mill\u00e1n Ruiz.<\/p>\n<p><a href=\"mailto:%20%3cscript%20language='JavaScript'%20type='text\/javascript'%3e%20%3c!--%20var%20prefix%20=%20'mailto:';%20var%20suffix%20=%20'';%20var%20attribs%20=%20'';%20var%20path%20=%20'hr'%20+%20'ef'%20+%20'=';%20var%20addy33680%20=%20'miguelmillan'%20+%20'@';%20addy33680%20=%20addy33680%20+%20'seguradebanos'%20+%20'.'%20+%20'com';%20document.write(%20'%3ca%20'%20+%20path%20+%20'''%20+%20prefix%20+%20addy33680%20+%20suffix%20+%20'''%20+%20attribs%20+%20'%3e'%20);%20document.write(%20addy33680%20);%20document.write(%20'%3c\/a%3e'%20);%20\/\/--%3e%20%3c\/script%3e%3cscript%20language='JavaScript'%20type='text\/javascript'%3e%20%3c!--%20document.write(%20'%3cspan%20style='display:%20none;'%3e'%20);%20\/\/--%3e%20%3c\/script%3eEsta%20direcci%C3%B3n%20electr%C3%B3nica%20esta%20protegida%20contra%20spam%20bots.%20Necesita%20activar%20JavaScript%20para%20visualizarla%20%3cscript%20language='JavaScript'%20type='text\/javascript'%3e%20%3c!--%20document.write(%20'%3c\/'%20);%20document.write(%20'span%3e'%20);%20\/\/--%3e%20%3c\/script%3e\"><\/a><a href=\"mailto:miguelmillan@seguradebanos.com\">miguelmillan@seguradebanos.com<\/a><\/p>\n","protected":false},"excerpt":{"rendered":"<p><em>Fiesta del Sitio 2015 en la Virgen de la Aliaga<\/em><\/p>\n<p>Despu\u00e9s de muchos a\u00f1os de no poder asistir el d\u00eda del Sitio a la Virgen de la Aliaga, por fin se ha cumplido mi deseo y m\u00e1s sabiendo que se iba a celebrar un d\u00eda muy importe con el Hermanamiento de la Cofrad\u00eda de la Virgen de la Aliaga y la Cofrad\u00eda de la Virgen de la Zarza de Aliaga.<\/p>\n<p style=\"text-align: center;\"><span style=\"font-size: 12pt;\"><span style=\"font-family: 'comic sans ms', sans-serif;\"><img decoding=\"async\" style=\"vertical-align: middle;\" src=\"doc\/Miguel Millan\/SitioVirgenAliaga2015\/DSCN5068 (Copiar).JPG\" \/><\/span> <\/span><\/p>\n<p>Numerosas personas que se hab\u00edan desplazado de los pueblos que forman la Cofrad\u00eda de la Virgen de la Aliaga: Anad\u00f3n, Blesa, Huesa del Com\u00fan, Josa, La Hoz de la Vieja, Maicas, Munisesa, Plou, Segura de los Ba\u00f1os y Cortes de Arag\u00f3n, se congregaron en la fuente de Cortes que est\u00e1 al comienzo del camino que nos lleva al santuario. Una vez lleg\u00f3 el estandarte de la Virgen de la Zarza juntamente con el\u00a0 estandarte de la Virgen de la Aliaga, se inici\u00f3 en procesi\u00f3n el camino hasta el santuario; era muy\u00a0 impresionante el n\u00famero de pelegrinos que acudieron a esta cita.<\/p>\n","protected":false},"author":1,"featured_media":0,"comment_status":"open","ping_status":"open","sticky":false,"template":"","format":"standard","meta":{"ngg_post_thumbnail":0,"footnotes":""},"categories":[30],"tags":[],"class_list":["post-263","post","type-post","status-publish","format-standard","hentry","category-virgen"],"_links":{"self":[{"href":"https:\/\/www.seguradeba\u00f1os.com\/index.php\/wp-json\/wp\/v2\/posts\/263","targetHints":{"allow":["GET"]}}],"collection":[{"href":"https:\/\/www.seguradeba\u00f1os.com\/index.php\/wp-json\/wp\/v2\/posts"}],"about":[{"href":"https:\/\/www.seguradeba\u00f1os.com\/index.php\/wp-json\/wp\/v2\/types\/post"}],"author":[{"embeddable":true,"href":"https:\/\/www.seguradeba\u00f1os.com\/index.php\/wp-json\/wp\/v2\/users\/1"}],"replies":[{"embeddable":true,"href":"https:\/\/www.seguradeba\u00f1os.com\/index.php\/wp-json\/wp\/v2\/comments?post=263"}],"version-history":[{"count":0,"href":"https:\/\/www.seguradeba\u00f1os.com\/index.php\/wp-json\/wp\/v2\/posts\/263\/revisions"}],"wp:attachment":[{"href":"https:\/\/www.seguradeba\u00f1os.com\/index.php\/wp-json\/wp\/v2\/media?parent=263"}],"wp:term":[{"taxonomy":"category","embeddable":true,"href":"https:\/\/www.seguradeba\u00f1os.com\/index.php\/wp-json\/wp\/v2\/categories?post=263"},{"taxonomy":"post_tag","embeddable":true,"href":"https:\/\/www.seguradeba\u00f1os.com\/index.php\/wp-json\/wp\/v2\/tags?post=263"}],"curies":[{"name":"wp","href":"https:\/\/api.w.org\/{rel}","templated":true}]}}