{"id":264,"date":"2016-08-24T18:23:12","date_gmt":"2016-08-24T18:23:12","guid":{"rendered":"https:\/\/www.xn--seguradebaos-jhb.com\/index.php\/2016\/08\/24\/fiesta-del-sitio-2016-en-la-virgen-de-la-aliaga\/"},"modified":"2016-08-24T18:23:12","modified_gmt":"2016-08-24T18:23:12","slug":"fiesta-del-sitio-2016-en-la-virgen-de-la-aliaga","status":"publish","type":"post","link":"https:\/\/www.seguradeba\u00f1os.com\/index.php\/2016\/08\/24\/fiesta-del-sitio-2016-en-la-virgen-de-la-aliaga\/","title":{"rendered":"Fiesta del Sitio 2016 en la Virgen de la Aliaga"},"content":{"rendered":"<p style=\"text-align: center;\"><span style=\"font-size: 12pt;\"><span style=\"font-size: 18pt;\"><span><span style=\"color: #993300;\"><span><strong><span style=\"font-family: \" sans=\"sans\" ms\",=\"ms\",\" sans-serif;\"=\"sans-serif;\"\">Fiesta del Sitio 2016 en la Virgen de la Aliaga<\/span><\/strong><\/span><\/span><\/span><\/span><\/span><\/p>\n<p style=\"text-align: justify;\"><span style=\"font-size: 12pt;\"><span style=\"font-size: 12pt;\"><span style=\"font-family: \" sans=\"sans\" ms\",=\"ms\",\" sans-serif;\"=\"sans-serif;\"\">Como es tradicional cada primer s\u00e1bado de septiembre se viene celebrando el d\u00eda del Sitio a la Virgen de la Aliaga y esta a\u00f1o. Este a\u00f1o se cambia de fecha y ha pasado al \u00faltimo s\u00e1bado del mes de agosto d\u00eda 27, esto viene motivado por la peregrinaci\u00f3n que organiza la Cofrad\u00eda de la Virgen de la Aliaga a Roma.<\/span><\/span><\/span><\/p>\n<p style=\"text-align: justify;\"><span style=\"font-size: 12pt;\"><span style=\"font-size: 12pt;\"><span style=\"font-family: \" sans=\"sans\" ms\",=\"ms\",\" sans-serif;\"=\"sans-serif;\"\">Con este cambio de fecha espero que mucha gente de Segura de los Ba\u00f1os pueda acudir a este evento ya que de lo contrario el primer s\u00e1bado de septiembre coincid\u00eda el d\u00eda del Sitio con la \u00a0fiesta de la asociaci\u00f3n cultural \u00abEl Castillo\u00bb de Segura.<\/span><\/span><\/span><\/p>\n<p style=\"text-align: justify;\"><span style=\"font-size: 12pt;\"><span style=\"font-size: 12pt;\"><span style=\"font-family: \" sans=\"sans\" ms\",=\"ms\",\" sans-serif;\"=\"sans-serif;\"\">Espero que este a\u00f1o el numero de peregrinos sea como m\u00ednimo al del a\u00f1o pasado y poder pasar un d\u00eda en el Santuario de la Virgen de la Aliaga, en compa\u00f1\u00eda de familiares y amigos.<\/span><\/span><\/span><\/p>\n<p style=\"text-align: justify;\"><strong><span style=\"font-size: 12pt;\"><span style=\"font-size: 12pt;\"><span style=\"font-family: \" sans=\"sans\" ms\",=\"ms\",\" sans-serif;\"=\"sans-serif;\"\">Posible programa de actos:<\/span><\/span><\/span><\/strong><\/p>\n<p style=\"text-align: justify;\"><span style=\"font-size: 12pt;\"><span style=\"font-size: 12pt;\"><span style=\"font-family: \" sans=\"sans\" ms\",=\"ms\",\" sans-serif;\"=\"sans-serif;\"\">\u00a0 \u00a0 \u00a0&#8211; 11,15h: Concentraci\u00f3n de cofrades en la Fuente de Cortes de Arag\u00f3n.<\/span><\/span><\/span><\/p>\n<p style=\"text-align: justify;\"><span style=\"font-size: 12pt;\"><span style=\"font-size: 12pt;\"><span style=\"font-family: \" sans=\"sans\" ms\",=\"ms\",\" sans-serif;\"=\"sans-serif;\"\">\u00a0 \u00a0 \u00a0&#8211; 11,30h: Recibimiento del Administrador Diocesano.<\/span><\/span><\/span><\/p>\n<p style=\"text-align: justify;\"><span style=\"font-size: 12pt;\"><span style=\"font-size: 12pt;\"><span style=\"font-family: \" sans=\"sans\" ms\",=\"ms\",\" sans-serif;\"=\"sans-serif;\"\">\u00a0 \u00a0 \u00a0&#8211; 11,35h.: Palabras de saludo y bienvenida por parte del consiliario-capell\u00e1n de la Cofrad\u00eda de la Sant\u00edsima Virgen de la Aliaga. Todos juntos caminamos\u00a0 cantando\u00a0\u00a0 hacia el Santuario de la Virgen de la Aliaga. En este a\u00f1o de la misericordia, cada pueblo portar\u00e1 su cruz parroquial, puesto que es el s\u00edmbolo m\u00e1s adecuado.<\/span><\/span><\/span><\/p>\n<p style=\"text-align: justify;\"><span style=\"font-size: 12pt;\"><span style=\"font-size: 12pt;\"><span style=\"font-family: \" sans=\"sans\" ms\",=\"ms\",\" sans-serif;\"=\"sans-serif;\"\">\u00a0 \u00a0 \u00a0&#8211; 12h: Celebraci\u00f3n de la Eucarist\u00eda:<\/span><\/span><\/span><\/p>\n<p style=\"text-align: justify; padding-left: 90px;\"><span style=\"font-size: 12pt;\"><span style=\"font-size: 12pt;\"><span style=\"font-family: \" sans=\"sans\" ms\",=\"ms\",\" sans-serif;\"=\"sans-serif;\"\">\u00a0<\/span><\/span><\/span><span style=\"font-family: \" sans=\"sans\" ms\",=\"ms\",\" sans-serif;=\"sans-serif;\" font-size:=\"font-size:\" 12pt;=\"12pt;\" line-height:=\"line-height:\" 22.08px;=\"22.08px;\" background-color:=\"background-color:\" initial;\"=\"initial;\"\">\u00d8 Saludo de bienvenida del Presidente\/Secretario de la cofrad\u00eda.<br \/><\/span><span style=\"font-family: \" sans=\"sans\" ms\",=\"ms\",\" sans-serif;=\"sans-serif;\" font-size:=\"font-size:\" 12pt;=\"12pt;\" line-height:=\"line-height:\" 22.08px;=\"22.08px;\" background-color:=\"background-color:\" initial;\"=\"initial;\"\">\u00d8 Bendici\u00f3n\u00a0 e imposici\u00f3n de las medallas de cofrade por el Administrador Diocesano .<br \/><\/span><span style=\"font-family: \" sans=\"sans\" ms\",=\"ms\",\" sans-serif;=\"sans-serif;\" font-size:=\"font-size:\" 12pt;=\"12pt;\" line-height:=\"line-height:\" 22.08px;=\"22.08px;\" background-color:=\"background-color:\" initial;\"=\"initial;\"\">\u00d8 Diversas ofrendas, incluido el pan bendito.<br \/><\/span><span style=\"font-family: \" sans=\"sans\" ms\",=\"ms\",\" sans-serif;=\"sans-serif;\" font-size:=\"font-size:\" 12pt;=\"12pt;\" line-height:=\"line-height:\" 22.08px;=\"22.08px;\" background-color:=\"background-color:\" initial;\"=\"initial;\"\">\u00d8 Cantos y lecturas.<br \/><\/span><span style=\"font-family: \" sans=\"sans\" ms\",=\"ms\",\" sans-serif;=\"sans-serif;\" font-size:=\"font-size:\" 12pt;=\"12pt;\" line-height:=\"line-height:\" 22.08px;=\"22.08px;\" background-color:=\"background-color:\" initial;\"=\"initial;\"\">\u00d8 Reparto del pan bendito.<br \/><\/span><span style=\"font-family: \" sans=\"sans\" ms\",=\"ms\",\" sans-serif;=\"sans-serif;\" font-size:=\"font-size:\" 12pt;=\"12pt;\" line-height:=\"line-height:\" 22.08px;=\"22.08px;\" background-color:=\"background-color:\" initial;\"=\"initial;\"\">\u00d8 Procesi\u00f3n encabezada por la cruz del santuario, las cruces de cada pueblo y la imagen procesional de la Virgen de la Aliaga.<\/span><\/p>\n<p><strong><span style=\"font-size: 12pt;\"><span style=\"font-size: 12pt;\"><span style=\"font-family: \" sans=\"sans\" ms\",=\"ms\",\" sans-serif;\"=\"sans-serif;\"\"> <\/span><\/span><\/span><\/strong><\/p>\n<p style=\"text-align: justify;\"><span style=\"font-size: 12pt;\"><span style=\"font-size: 12pt;\"><span style=\"font-size: 8pt;\"><em>(Fuente Cofrad\u00eda Virgen de la Aliaga)<\/em><\/span><\/span><\/span><\/p>\n<p><span style=\"font-family: \" sans=\"sans\" ms\",=\"ms\",\" sans-serif;=\"sans-serif;\" font-size:=\"font-size:\" 12pt;=\"12pt;\" text-align:=\"text-align:\" justify;\"=\"justify;\"\">Miguel Mill\u00e1n Ruiz.<\/span><\/p>\n<p><a style=\"font-family: \" sans=\"sans\" href=\"mailto:miguelmillan@seguradebanos.com\">miguelmillan@seguradebanos.com<\/a><\/p>\n","protected":false},"excerpt":{"rendered":"<p>Fiesta del Sitio 2016 en la Virgen de la Aliaga Como es tradicional cada primer s\u00e1bado de septiembre se viene celebrando el d\u00eda del Sitio a la Virgen de la Aliaga y esta a\u00f1o. Este a\u00f1o se cambia de fecha y ha pasado al \u00faltimo s\u00e1bado del mes de agosto d\u00eda 27, esto viene motivado [&hellip;]<\/p>\n","protected":false},"author":1,"featured_media":0,"comment_status":"open","ping_status":"open","sticky":false,"template":"","format":"standard","meta":{"ngg_post_thumbnail":0,"footnotes":""},"categories":[30],"tags":[],"class_list":["post-264","post","type-post","status-publish","format-standard","hentry","category-virgen"],"_links":{"self":[{"href":"https:\/\/www.seguradeba\u00f1os.com\/index.php\/wp-json\/wp\/v2\/posts\/264","targetHints":{"allow":["GET"]}}],"collection":[{"href":"https:\/\/www.seguradeba\u00f1os.com\/index.php\/wp-json\/wp\/v2\/posts"}],"about":[{"href":"https:\/\/www.seguradeba\u00f1os.com\/index.php\/wp-json\/wp\/v2\/types\/post"}],"author":[{"embeddable":true,"href":"https:\/\/www.seguradeba\u00f1os.com\/index.php\/wp-json\/wp\/v2\/users\/1"}],"replies":[{"embeddable":true,"href":"https:\/\/www.seguradeba\u00f1os.com\/index.php\/wp-json\/wp\/v2\/comments?post=264"}],"version-history":[{"count":0,"href":"https:\/\/www.seguradeba\u00f1os.com\/index.php\/wp-json\/wp\/v2\/posts\/264\/revisions"}],"wp:attachment":[{"href":"https:\/\/www.seguradeba\u00f1os.com\/index.php\/wp-json\/wp\/v2\/media?parent=264"}],"wp:term":[{"taxonomy":"category","embeddable":true,"href":"https:\/\/www.seguradeba\u00f1os.com\/index.php\/wp-json\/wp\/v2\/categories?post=264"},{"taxonomy":"post_tag","embeddable":true,"href":"https:\/\/www.seguradeba\u00f1os.com\/index.php\/wp-json\/wp\/v2\/tags?post=264"}],"curies":[{"name":"wp","href":"https:\/\/api.w.org\/{rel}","templated":true}]}}