{"id":278,"date":"2017-06-07T16:37:21","date_gmt":"2017-06-07T16:37:21","guid":{"rendered":"https:\/\/www.xn--seguradebaos-jhb.com\/index.php\/2017\/06\/07\/el-camino-de-la-virgen-de-la-aliaga-2017-en-el-diario-de-tarragona\/"},"modified":"2017-06-07T16:37:21","modified_gmt":"2017-06-07T16:37:21","slug":"el-camino-de-la-virgen-de-la-aliaga-2017-en-el-diario-de-tarragona","status":"publish","type":"post","link":"https:\/\/www.seguradeba\u00f1os.com\/index.php\/2017\/06\/07\/el-camino-de-la-virgen-de-la-aliaga-2017-en-el-diario-de-tarragona\/","title":{"rendered":"EL CAMINO DE LA VIRGEN DE LA ALIAGA 2017 EN EL DIARIO DE TARRAGONA."},"content":{"rendered":"<p style=\"text-align: center;\"><strong><span style=\"font-size: 12pt;\"><span style=\"color: #003300;\"><span style=\"font-family: &amp;amp;amp;\"><span style=\"font-family: &amp;amp;amp;\"><span style=\"font-size: 14pt;\"><span style=\"font-family: &quot;comic sans ms&quot;, sans-serif;\">EL CAMINO DE LA VIRGEN DE LA ALIAGA 2017 EN EL DIARIO DE TARRAGONA.<\/span><\/span><\/span><\/span><\/span><\/span><\/strong><\/p>\n<p><strong><span style=\"font-size: 12pt;\"><span style=\"color: #003300;\"><span style=\"font-family: &amp;amp;amp;\"><span style=\"font-size: 12pt;\"><span style=\"font-family: &amp;amp;amp;\"><span style=\"font-size: 12pt;\"><span style=\"font-size: 14pt;\"><span style=\"font-family: &quot;comic sans ms&quot;, sans-serif;\"> <\/span><\/span><\/span><\/span><\/span><\/span><\/span><\/span><\/strong><\/p>\n<p style=\"text-align: center;\"><span style=\"font-size: 12pt;\"><span style=\"font-family: &amp;amp;amp;\"><span style=\"font-size: 12pt;\"><span style=\"font-family: &quot;comic sans ms&quot;, sans-serif;\"><img decoding=\"async\" src=\"doc\/Miguel Millan\/Virgen Aliaga 2017\/diari.jpg\" style=\"vertical-align: middle;\" \/><\/span><\/span><\/span><\/span><\/p>\n<p style=\"text-align: justify;\"><span style=\"font-size: 12pt;\"><span style=\"font-family: &amp;amp;amp;\"><span style=\"font-size: 12pt;\"><span style=\"font-family: &amp;amp;amp;\"><span style=\"font-size: 12pt;\"><span style=\"font-family: &quot;comic sans ms&quot;, sans-serif;\">Hoy ha sido publicada la gran fotograf\u00eda de los caminantes que realizaron el camino andando desde Segura de los Ba\u00f1os al Santuario de la Virgen de la Aliaga y se obtuvo una participaci\u00f3n que bati\u00f3 el r\u00e9cord de todos los a\u00f1os habiendo llegado a 118 personas.<\/span><\/span><\/span><\/span><\/span><\/span><\/p>\n<p><strong><span style=\"font-size: 12pt;\"><span style=\"font-family: &amp;amp;amp;\"><span style=\"font-size: 12pt;\"><span style=\"font-family: &amp;amp;amp;\"><span style=\"font-size: 12pt;\"><span style=\"font-family: &quot;comic sans ms&quot;, sans-serif;\"> <\/span><\/span><\/span><\/span><\/span><\/span><\/strong><\/p>\n<p><span style=\"font-size: 12pt;\"><span style=\"font-size: 12pt;\"><span style=\"font-family: &quot;comic sans ms&quot;, sans-serif;\">{gallery}\/Miguel Millan\/Virgen Aliaga 2017\/fototeca:100:100{\/gallery}<\/span><\/span><\/span><\/p>\n<p><span style=\"font-size: 12pt;\"><span style=\"font-family: &amp;amp;amp;\"><span style=\"font-size: 12pt;\"><span style=\"font-family: &amp;amp;amp;\"><span style=\"font-size: 12pt;\"><span style=\"font-family: &quot;comic sans ms&quot;, sans-serif;\">Miguel Mill\u00e1n Ruiz<\/span><\/span><\/span><\/span><\/span><\/span><\/p>\n<p><a href=\"mailto:miguelmillan@seguradebanos.com\"><span style=\"font-size: 12pt;\"><span style=\"font-family: &amp;amp;amp;\"><span style=\"font-size: 12pt;\"><span style=\"font-family: &amp;amp;amp;\"><span style=\"font-size: 12pt;\"><span style=\"font-family: &quot;comic sans ms&quot;, sans-serif;\">miguelmillan@seguradebanos.com<\/span><\/span><\/span><\/span><\/span><\/span><\/a><\/p>\n<p><strong> <\/strong><\/p>\n<p><strong> <\/strong><\/p>\n","protected":false},"excerpt":{"rendered":"<p>EL CAMINO DE LA VIRGEN DE LA ALIAGA 2017 EN EL DIARIO DE TARRAGONA. Hoy ha sido publicada la gran fotograf\u00eda de los caminantes que realizaron el camino andando desde Segura de los Ba\u00f1os al Santuario de la Virgen de la Aliaga y se obtuvo una participaci\u00f3n que bati\u00f3 el r\u00e9cord de todos los a\u00f1os [&hellip;]<\/p>\n","protected":false},"author":1,"featured_media":0,"comment_status":"open","ping_status":"open","sticky":false,"template":"","format":"standard","meta":{"ngg_post_thumbnail":0,"footnotes":""},"categories":[30],"tags":[],"class_list":["post-278","post","type-post","status-publish","format-standard","hentry","category-virgen"],"_links":{"self":[{"href":"https:\/\/www.seguradeba\u00f1os.com\/index.php\/wp-json\/wp\/v2\/posts\/278","targetHints":{"allow":["GET"]}}],"collection":[{"href":"https:\/\/www.seguradeba\u00f1os.com\/index.php\/wp-json\/wp\/v2\/posts"}],"about":[{"href":"https:\/\/www.seguradeba\u00f1os.com\/index.php\/wp-json\/wp\/v2\/types\/post"}],"author":[{"embeddable":true,"href":"https:\/\/www.seguradeba\u00f1os.com\/index.php\/wp-json\/wp\/v2\/users\/1"}],"replies":[{"embeddable":true,"href":"https:\/\/www.seguradeba\u00f1os.com\/index.php\/wp-json\/wp\/v2\/comments?post=278"}],"version-history":[{"count":0,"href":"https:\/\/www.seguradeba\u00f1os.com\/index.php\/wp-json\/wp\/v2\/posts\/278\/revisions"}],"wp:attachment":[{"href":"https:\/\/www.seguradeba\u00f1os.com\/index.php\/wp-json\/wp\/v2\/media?parent=278"}],"wp:term":[{"taxonomy":"category","embeddable":true,"href":"https:\/\/www.seguradeba\u00f1os.com\/index.php\/wp-json\/wp\/v2\/categories?post=278"},{"taxonomy":"post_tag","embeddable":true,"href":"https:\/\/www.seguradeba\u00f1os.com\/index.php\/wp-json\/wp\/v2\/tags?post=278"}],"curies":[{"name":"wp","href":"https:\/\/api.w.org\/{rel}","templated":true}]}}