{"id":279,"date":"2017-06-29T19:18:29","date_gmt":"2017-06-29T19:18:29","guid":{"rendered":"https:\/\/www.xn--seguradebaos-jhb.com\/index.php\/2017\/06\/29\/virgen-de-la-aliaga-2017-2\/"},"modified":"2017-06-29T19:18:29","modified_gmt":"2017-06-29T19:18:29","slug":"virgen-de-la-aliaga-2017-2","status":"publish","type":"post","link":"https:\/\/www.seguradeba\u00f1os.com\/index.php\/2017\/06\/29\/virgen-de-la-aliaga-2017-2\/","title":{"rendered":"VIRGEN DE LA ALIAGA 2017"},"content":{"rendered":"<p style=\"text-align: center;\"><span style=\"font-size: 12pt;\"><span style=\"font-size: 14pt;\"><strong><span style=\"color: #003300;\"><span style=\"font-family: &amp;amp;amp;\">VIRGEN DE LA ALIAGA 2017<\/span><\/span><\/strong><\/span><\/span><\/p>\n<p><span style=\"font-size: 12pt;\"><span style=\"font-size: 12pt;\"><span style=\"font-family: &amp;amp;amp;\">Este a\u00f1o hemos batido el record de participantes 118 personas han hecho el camino andando desde Segura de los Ba\u00f1os a la Virgen de la Aliaga.<\/span><\/span><\/span><\/p>\n<p><span style=\"font-size: 12pt;\"><span style=\"font-size: 12pt;\"><span style=\"font-family: &amp;amp;amp;\">A Segura de los Ba\u00f1os le corresponde ir a la Virgen de la Aliaga el segundo s\u00e1bado de Mayo, habiendo sido este a\u00f1o el d\u00eda 13 y hemos celebrado la 15 edici\u00f3n desde que se va organizando y promoviendo este camino y el mismo tiene mucha aceptaci\u00f3n por la gente y vamos superando las expectativas cada a\u00f1o; muchos de los caminantes hacen el camino por vocaci\u00f3n religiosa, tradici\u00f3n o deportiva.<\/span><\/span><\/span><\/p>\n<p><span style=\"font-size: 12pt;\"><span style=\"font-size: 12pt;\"><span style=\"font-family: &amp;amp;amp;\"> <\/span><\/span><\/span><\/p>\n<p><span style=\"font-size: 12pt;\"><span style=\"font-size: 12pt;\"><span style=\"font-family: &amp;amp;amp;\">Con la climatolog\u00eda un poco fr\u00eda y bien abrigados los participantes nos vamos reuniendo en el teleclub donde se hace el reparto de camisetas y gorras a todos los caminantes que desean hacer el camino andando y que previamente se han apuntado en la p\u00e1gina WEB de la Asociaci\u00f3n \u00abEl Castillo\u00bb\u00b7, de esta forma nadie se queda sin esta vestimenta; cada a\u00f1o el logo impreso de la camiseta va cambiando y la misma es ofrecida por los peregrinos a la Virgen en el Santuario emplazado en las afueras de la poblaci\u00f3n de Cortes de Arag\u00f3n.<\/span><\/span><\/span><\/p>\n<p style=\"text-align: center;\"><span style=\"font-size: 12pt;\"><span style=\"font-size: 12pt;\"><span style=\"font-size: 12pt;\"><span style=\"font-family: &amp;amp;amp;\"><img decoding=\"async\" src=\"doc\/Miguel Millan\/Virgen Aliaga 2017\/lindazos\/DSCN5824 (Copiar).JPG\" \/><\/span><\/span><\/span><\/span><\/p>\n<p>\u00a0<\/p>\n<p><span style=\"font-size: 12pt;\">En el centro del pueblo se encuentra la Iglesia parroquial de San Juan Bautista compuesta por tres naves de cuatro tramos, es de estilo barroco sobre obra g\u00f3tica y data del siglo XVII. Sobre la obra barroca se halla restos de factura g\u00f3tica de las que podemos apreciar restos en la puerta principal de la misma. Los mozos hacen el bandeo de campanas a mano en el campanario. Con la Iglesia al fondo de la fotograf\u00eda el grupo queda reunido para hacer el camino.<\/span><\/p>\n<p style=\"text-align: center;\"><span style=\"font-size: 12pt;\"><span style=\"font-size: 12pt;\"><span style=\"font-size: 12pt;\"><span style=\"font-family: &amp;amp;amp;\"><img decoding=\"async\" src=\"doc\/Miguel Millan\/Virgen Aliaga 2017\/lindazos\/DSCN5830 (Copiar).JPG\" \/><\/span><\/span><\/span><\/span><\/p>\n<p><span style=\"font-size: 12pt;\"><span style=\"font-size: 12pt;\"><span style=\"font-family: &amp;amp;amp;\">Para hacer este camino no hay l\u00edmite de edad y entre el grupo vemos gente de todas las edades y a los ni\u00f1os\/as de corta edad sus padres les han animado a que hagan esta romer\u00eda tan tradicional en Segura de los Ba\u00f1os y que vayan continuando a\u00f1o tras a\u00f1o. Muchos de los caminantes son asiduos de cada a\u00f1o y les pedimos que no lo dejen de hacer mientras las fuerzas les acompa\u00f1en y entre todos vamos formando un grupo cada vez m\u00e1s numeroso.<\/span><\/span><\/span><\/p>\n<p style=\"text-align: center;\"><span style=\"font-size: 12pt;\"><span style=\"font-size: 12pt;\"><span style=\"font-size: 12pt;\"><span style=\"font-family: &amp;amp;amp;\"><img decoding=\"async\" src=\"doc\/Miguel Millan\/Virgen Aliaga 2017\/lindazos\/DSCN5840 (Copiar).JPG\" \/><\/span><\/span><\/span><\/span><\/p>\n<p><span style=\"font-size: 12pt;\"><span style=\"font-size: 12pt;\"><span style=\"font-family: &amp;amp;amp;\">El gran grupo de participantes&nbsp; discurre por las calles hasta llegar al camino de la bomba y al final del mismo encontramos &nbsp;el peir\u00f3n dedicado a San Juan que est\u00e1 formado por un pilar o columna de secci\u00f3n cuadrada rematado en forma de prisma construido de piedra y revocado con yeso y pintado con cal de color blanco, en uno de los laterales se encuentra una hornacina y en su interior la imagen del Santo. Como c\u00faspide del peir\u00f3n hay una cruz de hierro y sobre la misma se coloca una aliga bien florida ya que es un s\u00edmbolo que recuerda a la Virgen de la Aliaga en este d\u00eda tan especial.<\/span><\/span><\/span><\/p>\n<p style=\"text-align: center;\"><span style=\"font-size: 12pt;\"><span style=\"font-size: 12pt;\"><span style=\"font-size: 12pt;\"><span style=\"font-family: &amp;amp;amp;\"><img decoding=\"async\" src=\"doc\/Miguel Millan\/Virgen Aliaga 2017\/lindazos\/20170513_075027 (Copiar).jpg\" \/><\/span><\/span><\/span><\/span><\/p>\n<h2><span style=\"font-size: 12pt;\"><span style=\"font-weight: normal;\"><span style=\"font-size: 12pt;\"><span style=\"font-family: &amp;amp;amp;\">Por el camino tradicional de cada a\u00f1o vamos viendo el verdor de los trigos que este a\u00f1o est\u00e1n muy necesitados de agua para poder crecer y que la cosecha sea buena ya que el labrador se merece su recompensa despu\u00e9s del trabajo que realiza. Hoy d\u00eda hay campos que han cambiado el cultivo de cereales por la plantaci\u00f3n de carrascas ya que este terreno es moderadamente c\u00e1lido, seco y con inviernos frescos debido a la altitud, favorece el desarrollo de la vegetaci\u00f3n y es apropiado para la trufa negra que es un <a href=\"http:\/\/www.directoalamesa.com\/5-setas-para-chuparse-los-dedos\/\" target=\"_blank\" title=\"5 setas para chuparse los dedos\">hongo<\/a> subterr\u00e1neo (hipogeo) que se asocia a las ra\u00edces de varios \u00e1rboles y arbustos, la mayor\u00eda del g\u00e9nero <a href=\"http:\/\/www.directoalamesa.com\/como-se-hace-los-toneles-o-barricas-de-madera\/\" target=\"_blank\" title=\"C\u00f3mo se hace\u2026 los toneles o barricas de madera\">Quercus<\/a> (carrascas).<\/span><\/span><\/span><\/span><\/h2>\n<p style=\"text-align: center;\"><span style=\"font-size: 12pt;\"><span style=\"font-size: 12pt;\"><span style=\"font-size: 12pt;\"><span style=\"font-family: &amp;amp;amp;\"><img decoding=\"async\" src=\"doc\/Miguel Millan\/Virgen Aliaga 2017\/lindazos\/OBV_7694 (Copiar).jpg\" \/><\/span><\/span><\/span><\/span><\/p>\n<p><span style=\"font-size: 12pt;\"><span style=\"font-size: 12pt;\"><span style=\"font-family: &amp;amp;amp;\">La primera parada la hacemos en el \u201calto\u201d donde queda el pueblo al fondo de las fotograf\u00edas que hacemos para tener un recuerdo de este d\u00eda. Seguimos el camino hasta llegar a la bajada que nos conduce al balsete y c\u00f3mo vamos bien equipados con palos de soporte no tenemos problemas en el andar, el buen caminante siempre debe ir provisto de todos los artilugios para evitar cualquier accidente. En el balsete hacemos la segunda parada donde podemos admirar todo el valle de la \u00abhoya\u00bb con sus monta\u00f1as que lo rodean y la carretera en el centro que va a Segura.<\/span><\/span><\/span><\/p>\n<p><span style=\"font-size: 12pt;\"><span style=\"font-size: 12pt;\"><span style=\"font-family: &amp;amp;amp;\">Antes de comenzar a caminar por el asfalto cogemos tomillo para poderlo ofrecer a la Virgen; en este momento el grupo de caminantes se va distanciando, se ve que alguien se cree que es una carrera y de esta forma no pueden disfrutar del paisaje y de la compa\u00f1\u00eda del resto del grupo.<\/span><\/span><\/span><\/p>\n<p style=\"text-align: center;\"><span style=\"font-size: 12pt;\"><span style=\"font-size: 12pt;\"><span style=\"font-size: 12pt;\"><span style=\"font-family: &amp;amp;amp;\"><img decoding=\"async\" src=\"doc\/Miguel Millan\/Virgen Aliaga 2017\/lindazos\/DSCN5867 (Copiar).png\" \/><\/span><\/span><\/span><\/span><\/p>\n<p><span style=\"font-size: 12pt;\"><span style=\"font-size: 12pt;\"><span style=\"font-family: &amp;amp;amp;\">En la \u00abSalve\u00bb se hace la tercera parada para el avituallamiento que corre a cargo de la Asociaci\u00f3n \u00abEl Castillo\u00bb y es donde se elige a la persona de mayor y menor edad que hacen el camino. Este a\u00f1o ha sido Benigno Mart\u00ednez Domingo de 70 a\u00f1os y Javier Polo Ferreruela de 6 a\u00f1os, a los que se les entregar\u00e1 un trofeo cuando se celebre la fiesta de la asociaci\u00f3n que es siempre el primer s\u00e1bado de septiembre.<\/span><\/span><\/span><\/p>\n<p style=\"text-align: center;\"><span style=\"font-size: 12pt;\"><span style=\"font-size: 12pt;\"><span style=\"font-size: 12pt;\"><span style=\"font-family: &amp;amp;amp;\"><img decoding=\"async\" src=\"doc\/Miguel Millan\/Virgen Aliaga 2017\/lindazos\/OBV_7724 (Copiar).jpg\" \/><\/span><\/span><\/span><\/span><\/p>\n<p><span style=\"font-size: 12pt;\"><span style=\"font-size: 12pt;\"><span style=\"font-family: &amp;amp;amp;\">El estandarte que es una insignia formada por una pieza de tela de forma rectangular con la imagen de San Juan, que est\u00e1 sujeta a un m\u00e1stil se uni\u00f3 a los caminantes a la salida del bocadillo y el mismo nos acompa\u00f1\u00f3 hasta el Santuario portado el mismo en su mayor\u00eda de tiempo por Jes\u00fas y alg\u00fan que otro mozo que hace el camino. Poder llevar este s\u00edmbolo merece destreza y un orgullo ya que pertenece a la Iglesia parroquial de Segura de los Ba\u00f1os.<\/span><\/span><\/span><\/p>\n<p style=\"text-align: center;\"><span style=\"font-size: 12pt;\"><span style=\"font-size: 12pt;\"><span style=\"font-size: 12pt;\"><span style=\"font-family: &amp;amp;amp;\"><img decoding=\"async\" src=\"doc\/Miguel Millan\/Virgen Aliaga 2017\/lindazos\/OBV_7734 (Copiar).jpg\" \/><\/span><\/span><\/span><\/span><\/p>\n<p><span style=\"font-size: 12pt;\"><span style=\"font-size: 12pt;\"><span style=\"font-family: &amp;amp;amp;\">Alguno de los caminantes se han ido distanciado del grupo ya que ten\u00edan prisa por llegar los primeros al destino y esto no es normal, el a\u00f1o pasado fue muy bonita la entrada en procesi\u00f3n como el ritual lo merece. Este a\u00f1o al llevar al estandarte se ten\u00eda que haber ido todos detr\u00e1s de \u00e9l, deseamos que al a\u00f1o que viene esto se pueda rectificar.<\/span><\/span><\/span><\/p>\n<p style=\"text-align: center;\"><span style=\"font-size: 12pt;\"><span style=\"font-size: 12pt;\"><span style=\"font-size: 12pt;\"><span style=\"font-family: &amp;amp;amp;\"><img decoding=\"async\" src=\"doc\/Miguel Millan\/Virgen Aliaga 2017\/lindazos\/DSCN5880 (Copiar).JPG\" \/><\/span><\/span><\/span><\/span><\/p>\n<p><span style=\"font-size: 12pt;\"><span style=\"font-size: 12pt;\"><span style=\"font-family: &amp;amp;amp;\">Entrando en la Iglesia pasamos a adorar a la Virgen y ponernos a sus pies, d\u00e1ndole las gracias por haber podido venir a visitarla de nuevo, ya que para muchos de nosotros es una alegr\u00eda muy importante. Unos caminantes son portadores de aliagas para depositarlas a los pies de la imagen.<\/span><\/span><\/span><\/p>\n<p style=\"text-align: center;\"><span style=\"font-size: 12pt;\"><span style=\"font-size: 12pt;\"><span style=\"font-size: 12pt;\"><span style=\"font-family: &amp;amp;amp;\"><img decoding=\"async\" src=\"doc\/Miguel Millan\/Virgen Aliaga 2017\/lindazos\/DSCN5894 (Copiar).JPG\" \/><\/span><\/span><\/span><\/span><\/p>\n<p><span style=\"font-size: 12pt;\"><span style=\"font-size: 12pt;\"><span style=\"font-family: &amp;amp;amp;\">Este a\u00f1o parece que no se han efectuado m\u00e1s obras de restauraci\u00f3n como se ven\u00edan realizando en a\u00f1os anteriores; esperemos que poco a poco se pueda rehabilitar la planta primera y la entrada por la plaza de la casa del Santero. De esta forma todo el edificio quedar\u00eda visitable y poder hacer diversos actos religiosos o culturales; desde estas l\u00edneas animamos a la gente que se hagan cofrades ya que contra m\u00e1s gente seamos m\u00e1s f\u00e1cil es conseguir subvenciones para el Santuario.<\/span><\/span><\/span><\/p>\n<p style=\"text-align: center;\"><span style=\"font-size: 12pt;\"><span style=\"font-size: 12pt;\"><span style=\"font-size: 12pt;\"><span style=\"font-family: &amp;amp;amp;\"><img decoding=\"async\" src=\"doc\/Miguel Millan\/Virgen Aliaga 2017\/lindazos\/DSCN5910 (Copiar).JPG\" \/><\/span><\/span><\/span><\/span><\/p>\n<p><span style=\"font-size: 12pt;\"><span style=\"font-size: 12pt;\"><span style=\"font-family: &amp;amp;amp;\">El refresco lo hacemos en los bajos del edificio casa del Santero y el mismo&nbsp; nos lo ofrece el Ayuntamiento. Seguidamente asistimos a la celebraci\u00f3n de la Eucarist\u00eda celebrada por nuestro querido P\u00e1rroco Jes\u00fas Mar\u00eda que siempre nos anima a no perder la costumbre de asistir este d\u00eda y pasarlo en compa\u00f1\u00eda de familiares y amigos y siempre bajo la eterna mirada de la Virgen que nos protege.<\/span><\/span><\/span><\/p>\n<p><span style=\"font-size: 12pt;\"><span style=\"font-size: 12pt;\"><span style=\"font-family: &amp;amp;amp;\">La imagen de la Virgen en su pedestal a hombre de mozas de Segura sale de la ermita para hacer la procesi\u00f3n alrededor del Santuario y acompa\u00f1ada por todos nosotros y donde le pedidos agua tan precisa para nuestro campos, r\u00edos, fauna y flora.<\/span><\/span><\/span><\/p>\n<p style=\"text-align: center;\"><span style=\"font-size: 12pt;\"><span style=\"font-size: 12pt;\"><span style=\"font-size: 12pt;\"><span style=\"font-family: &amp;amp;amp;\"><img decoding=\"async\" src=\"doc\/Miguel Millan\/Virgen Aliaga 2017\/lindazos\/OBV_7843 (Copiar).jpg\" \/><\/span><\/span><\/span><\/span><\/p>\n<p><span style=\"font-size: 12pt;\"><span style=\"font-size: 12pt;\"><span style=\"font-family: &amp;amp;amp;\">Las amas de casa y alg\u00fan que otro cocinero se esfuerzan en mejorar cada a\u00f1o los alimentos que vamos a consumir en este d\u00eda tan especial. Les agradecemos a las personas que abastecen de le\u00f1a de carrasca los fogones donde todos nosotros podemos hacer asados sin la colaboraci\u00f3n de estas personas ser\u00eda imposible hacer fuego.<\/span><\/span><\/span><\/p>\n<p><span style=\"font-size: 12pt;\"><span style=\"font-size: 12pt;\"><span style=\"font-family: &amp;amp;amp;\">La pe\u00f1a \u00abLa cuba\u00bb cada a\u00f1o hacen paella y el olor de la misma nos incita ac\u00e9rcanos para observar como estas personas j\u00f3venes se desenvuelven en este menester, este a\u00f1o han hecho paella de bogavante.<\/span><\/span><\/span><\/p>\n<p style=\"text-align: center;\"><span style=\"font-size: 12pt;\"><span style=\"font-size: 12pt;\"><span style=\"font-size: 12pt;\"><span style=\"font-family: &amp;amp;amp;\"><img decoding=\"async\" src=\"doc\/Miguel Millan\/Virgen Aliaga 2017\/lindazos\/DSCN5900 (Copiar).JPG\" \/><\/span><\/span><\/span><\/span><\/p>\n<p><span style=\"font-size: 12pt;\"><span style=\"font-size: 12pt;\"><span style=\"font-family: &amp;amp;amp;\">Las personas mayores al resguardo de la pared del Santuario en un banco sentadas se&nbsp; cuentan las aventuras que hac\u00edan cuando eran mas j\u00f3venes y asist\u00edan en a\u00f1os pasados a la Virgen, buen fuese andando, en machos o carros y observan con admiraci\u00f3n el cambio que ha sufrido esta festividad.<\/span><\/span><\/span><\/p>\n<p><span style=\"font-size: 12pt;\"><span style=\"font-size: 12pt;\"><span style=\"font-family: &amp;amp;amp;\">Con la despedida a la Virgen en la Iglesia le ofrecemos nuestros canticos de las flores y plegarias le pedimos agua y que vaya lloviendo de vez en cuando, alimento tan necesario para la agricultura, flora y fauna.<\/span><\/span><\/span><\/p>\n<p><span style=\"font-size: 12pt;\"><span style=\"font-size: 12pt;\"><span style=\"font-family: &amp;amp;amp;\">La juventud tiene que continuar con la tradici\u00f3n de este camino y no dejarlo perder, por ello les animo y que se los expilen a sus amigos y el a\u00f1o pr\u00f3ximo se pueda ampliar.<\/span><\/span><\/span><\/p>\n<p><span style=\"font-size: 12pt;\"><span style=\"font-size: 12pt;\"><span style=\"font-family: &amp;amp;amp;\">Miguel Mill\u00e1n Ruiz<\/span><\/span><\/span><\/p>\n<p><a href=\"mailto:miguelmillan@seguradebanos.com\"><span style=\"font-size: 12pt;\"><span style=\"font-size: 12pt;\"><span style=\"font-family: &amp;amp;amp;\">miguelmillan@seguradebanos.com<\/span><\/span><\/span><\/a><\/p>\n","protected":false},"excerpt":{"rendered":"<p>VIRGEN DE LA ALIAGA 2017 Este a\u00f1o hemos batido el record de participantes 118 personas han hecho el camino andando desde Segura de los Ba\u00f1os a la Virgen de la Aliaga. A Segura de los Ba\u00f1os le corresponde ir a la Virgen de la Aliaga el segundo s\u00e1bado de Mayo, habiendo sido este a\u00f1o el [&hellip;]<\/p>\n","protected":false},"author":1,"featured_media":0,"comment_status":"open","ping_status":"open","sticky":false,"template":"","format":"standard","meta":{"ngg_post_thumbnail":0,"footnotes":""},"categories":[30],"tags":[],"class_list":["post-279","post","type-post","status-publish","format-standard","hentry","category-virgen"],"_links":{"self":[{"href":"https:\/\/www.seguradeba\u00f1os.com\/index.php\/wp-json\/wp\/v2\/posts\/279","targetHints":{"allow":["GET"]}}],"collection":[{"href":"https:\/\/www.seguradeba\u00f1os.com\/index.php\/wp-json\/wp\/v2\/posts"}],"about":[{"href":"https:\/\/www.seguradeba\u00f1os.com\/index.php\/wp-json\/wp\/v2\/types\/post"}],"author":[{"embeddable":true,"href":"https:\/\/www.seguradeba\u00f1os.com\/index.php\/wp-json\/wp\/v2\/users\/1"}],"replies":[{"embeddable":true,"href":"https:\/\/www.seguradeba\u00f1os.com\/index.php\/wp-json\/wp\/v2\/comments?post=279"}],"version-history":[{"count":0,"href":"https:\/\/www.seguradeba\u00f1os.com\/index.php\/wp-json\/wp\/v2\/posts\/279\/revisions"}],"wp:attachment":[{"href":"https:\/\/www.seguradeba\u00f1os.com\/index.php\/wp-json\/wp\/v2\/media?parent=279"}],"wp:term":[{"taxonomy":"category","embeddable":true,"href":"https:\/\/www.seguradeba\u00f1os.com\/index.php\/wp-json\/wp\/v2\/categories?post=279"},{"taxonomy":"post_tag","embeddable":true,"href":"https:\/\/www.seguradeba\u00f1os.com\/index.php\/wp-json\/wp\/v2\/tags?post=279"}],"curies":[{"name":"wp","href":"https:\/\/api.w.org\/{rel}","templated":true}]}}