{"id":282,"date":"2017-08-29T20:54:37","date_gmt":"2017-08-29T20:54:37","guid":{"rendered":"https:\/\/www.xn--seguradebaos-jhb.com\/index.php\/2017\/08\/29\/dia-del-sitio-2017-en-la-virgen-de-la-aliaga\/"},"modified":"2017-08-29T20:54:37","modified_gmt":"2017-08-29T20:54:37","slug":"dia-del-sitio-2017-en-la-virgen-de-la-aliaga","status":"publish","type":"post","link":"https:\/\/www.seguradeba\u00f1os.com\/index.php\/2017\/08\/29\/dia-del-sitio-2017-en-la-virgen-de-la-aliaga\/","title":{"rendered":"DIA DEL SITIO 2017 EN LA VIRGEN DE LA ALIAGA"},"content":{"rendered":"<p align=\"center\"><span style=\"font-size: 14pt;\"><span style=\"background-color: #888888;\"><span style=\"color: #333300;\"><span style=\"font-size: 18pt;\"><span style=\"font-family: &amp;amp;amp;\"><strong><span style=\"text-decoration: underline;\"><span style=\"font-family: &amp;amp;amp;\">DIA DEL SITIO 2017 EN LA VIRGEN DE LA ALIAGA<\/span><\/span><\/strong><\/span><\/span><\/span><\/span><\/span><\/p>\n<p align=\"center\"><strong><span style=\"text-decoration: underline;\"><span style=\"font-size: 12pt;\"><span style=\"font-size: 12pt;\"><span style=\"font-family: &amp;amp;amp;\"><span style=\"font-size: 18pt;\"><span style=\"font-family: &amp;amp;amp;\"> <\/span><\/span><\/span><\/span><\/span><\/span><\/strong><\/p>\n<p><span style=\"font-size: 12pt;\"><span style=\"font-size: 12pt;\"><span style=\"font-family: &amp;amp;amp;\">Como es costumbre el primer s\u00e1bado de septiembre, siendo este a\u00f1o el d\u00eda 2 se celebrara el \u00abD\u00eda del Sitio\u00bb en el Santuario de la Virgen de la Aliaga.<\/span><\/span><\/span><\/p>\n<p style=\"text-align: center;\"><span style=\"font-size: 12pt;\"><span style=\"font-size: 12pt;\"><span style=\"font-size: 12pt;\"><span style=\"font-family: &amp;amp;amp;\"><img decoding=\"async\" src=\"doc\/Miguel Millan\/DiaSitio2017\/2.jpg\" \/><\/span><\/span><\/span><\/span><\/p>\n<p><span style=\"font-size: 12pt;\"><span style=\"font-size: 12pt;\"><span style=\"font-family: &amp;amp;amp;\"><strong>Siendo un habitual y devoto de la Virgen de la Aliaga y&nbsp; cofrade desde el a\u00f1o 2001, deseo darle las gracias por lo bien y amablemente&nbsp; que me ha ayudado cuando &nbsp;lo he necesitado a <\/strong><strong>Avelino Belenguer Calve<\/strong><strong> y que en su nueva andadura en la Unidad Pastoral de Monreal del Campo, tenga los m\u00e1s \u00e9xitos posibles; labor que desempe\u00f1ara con arriesgo y voluntad como \u00e9l sabe hacer siempre. <\/strong><strong>&nbsp;<\/strong><\/span><\/span><\/span><\/p>\n<p style=\"text-align: center;\"><span style=\"font-size: 12pt;\"><span style=\"font-size: 12pt;\"><span style=\"font-size: 12pt;\"><span style=\"font-family: &amp;amp;amp;\"><img decoding=\"async\" src=\"doc\/Miguel Millan\/DiaSitio2017\/1.jpg\" \/><\/span><\/span><\/span><\/span><\/p>\n<p align=\"center\"><strong><em><span style=\"font-size: 12pt;\"><span style=\"font-size: 12pt;\"><span style=\"font-family: &amp;amp;amp;\">Programa de actos d\u00eda del Sitio   2017,<\/span><\/span><\/span><\/em><\/strong><\/p>\n<p align=\"center\"><span style=\"font-size: 12pt;\"><span style=\"font-size: 12pt;\"><span style=\"font-family: &amp;amp;amp;\">(<em>Fuente Cofrad\u00eda Virgen de la   Aliaga)<\/em><\/span><\/span><\/span><\/p>\n<p><span style=\"font-size: 12pt;\"><span style=\"font-size: 12pt;\"><span style=\"font-family: &amp;amp;amp;\"><strong><br \/>2 de septiembre<\/strong><strong>.<\/strong><\/span><\/span><\/span><\/p>\n<p><span style=\"font-size: 12pt;\"><span style=\"font-size: 12pt;\"><span style=\"font-family: &amp;amp;amp;\">\u00abTambi\u00e9n queremos aprovechar esta ocasi\u00f3n de la fiesta grande de la SANT\u00cdSIMA VIRGEN DE LA ALIAGA, para despedir al Rector de su santuario durante los a\u00f1os 2008 hasta la actualidad, <strong>D. AVELINO JOS\u00c9 BELENGUER CALV\u00c9<\/strong>, gran impulsor de la&nbsp; nueva cofrad\u00eda con su tes\u00f3n y su trabajo al frente de ella, gan\u00e1ndose el respeto y el cari\u00f1o de todos nosotros.<\/span><\/span><\/span><\/p>\n<p><span style=\"font-size: 12pt;\"><span style=\"font-size: 12pt;\"><span style=\"font-family: &amp;amp;amp;\">Creemos que este d\u00eda debe ser&nbsp; entra\u00f1able e inolvidable para todos, y tambi\u00e9n pensamos que vuestra presencia y colaboraci\u00f3n puede contribuir a ello.<\/span><\/span><\/span><\/p>\n<p><span style=\"font-size: 12pt;\"><span style=\"font-size: 12pt;\"><span style=\"font-family: &amp;amp;amp;\">A las 11,15 h. est\u00e1 prevista una concentraci\u00f3n de los pueblos en la Fuente de Cortes y, a continuaci\u00f3n, todos juntos marcharemos hacia el Santuario de la Sant\u00edsima Virgen de la Aliaga. <em>A la Cruz y al Estandarte de la Virgen de la Aliaga le seguir\u00e1n otros estandartes o se\u00f1ales identificativas de los diez pueblos que componen la Cofrad\u00eda de la Virgen de la Aliaga y por \u00faltimo <strong>la imagen de la Virgen de F\u00e1tima.<\/strong><\/em><\/span><\/span><\/span><\/p>\n<ul>\n<li><span style=\"font-size: 12pt;\"><span style=\"font-size: 12pt;\"><span style=\"font-family: &amp;amp;amp;\"> A las 12 h. dar\u00e1 comienzo la Santa Misa. Tambi\u00e9n habr\u00e1 <em>bendici\u00f3n e imposici\u00f3n de medallas de cofrade.<\/em><\/span><\/span><\/span><\/li>\n<li><span style=\"font-size: 12pt;\"><span style=\"font-size: 12pt;\"><span style=\"font-family: &amp;amp;amp;\">Sobre las 14 h. dar\u00e1 comienzo la comida (precio 13 \u20ac) a la que habr\u00e1 que apuntarse antes para mejor organizaci\u00f3n. Tendr\u00e1 lugar en los locales de la casa del santero en el mismo santuario y nos ser\u00e1 servida por un catering. Los alcaldes, sacerdotes, miembros de la Junta Directiva de la Cofrad\u00eda y dem\u00e1s asistentes podr\u00e1n compartir sus opiniones en un ambiente distendido y de amistad.\u00bb<\/span><\/span><\/span><\/li>\n<\/ul>\n<p><span style=\"font-size: 12pt;\"><span style=\"font-size: 12pt;\"><span style=\"font-family: &amp;amp;amp;\">Pueblos que pertenecen a la Cofrad\u00eda de la Sant\u00edsima Virgen de la Aliaga: Anad\u00f3n, Blesa, Huesa del Com\u00fan, Josa, La Hoz de la Vieja, Maicas, Muniesa, Plou, Segura de los Ba\u00f1os y Cortes de Arag\u00f3n.<\/span><\/span><\/span><\/p>\n<p><span style=\"font-size: 12pt;\"><span style=\"font-size: 12pt;\"><span style=\"font-family: &amp;amp;amp;\">Espero que la climatolog\u00eda nos acompa\u00f1e y se pueda celebrar con brillantez este d\u00eda tan espero por todos los que podamos acudir al Santuario para volver a visitar a la Virgen.<\/span><\/span><\/span><\/p>\n<p><span style=\"font-size: 12pt;\"><span style=\"font-size: 12pt;\"><span style=\"font-family: &amp;amp;amp;\">Miguel Mill\u00e1n Ruiz<\/span><\/span><\/span><\/p>\n<p><a href=\"mailto:miguelmillan@seguradebanos.com\"><span style=\"font-size: 12pt;\"><span style=\"font-size: 12pt;\"><span style=\"font-family: &amp;amp;amp;\">miguelmillan@seguradebanos.com<\/span><\/span><\/span><\/a><\/p>\n<p>\u00a0<\/p>\n","protected":false},"excerpt":{"rendered":"<p>DIA DEL SITIO 2017 EN LA VIRGEN DE LA ALIAGA Como es costumbre el primer s\u00e1bado de septiembre, siendo este a\u00f1o el d\u00eda 2 se celebrara el \u00abD\u00eda del Sitio\u00bb en el Santuario de la Virgen de la Aliaga. Siendo un habitual y devoto de la Virgen de la Aliaga y&nbsp; cofrade desde el a\u00f1o [&hellip;]<\/p>\n","protected":false},"author":1,"featured_media":0,"comment_status":"open","ping_status":"open","sticky":false,"template":"","format":"standard","meta":{"ngg_post_thumbnail":0,"footnotes":""},"categories":[30],"tags":[],"class_list":["post-282","post","type-post","status-publish","format-standard","hentry","category-virgen"],"_links":{"self":[{"href":"https:\/\/www.seguradeba\u00f1os.com\/index.php\/wp-json\/wp\/v2\/posts\/282","targetHints":{"allow":["GET"]}}],"collection":[{"href":"https:\/\/www.seguradeba\u00f1os.com\/index.php\/wp-json\/wp\/v2\/posts"}],"about":[{"href":"https:\/\/www.seguradeba\u00f1os.com\/index.php\/wp-json\/wp\/v2\/types\/post"}],"author":[{"embeddable":true,"href":"https:\/\/www.seguradeba\u00f1os.com\/index.php\/wp-json\/wp\/v2\/users\/1"}],"replies":[{"embeddable":true,"href":"https:\/\/www.seguradeba\u00f1os.com\/index.php\/wp-json\/wp\/v2\/comments?post=282"}],"version-history":[{"count":0,"href":"https:\/\/www.seguradeba\u00f1os.com\/index.php\/wp-json\/wp\/v2\/posts\/282\/revisions"}],"wp:attachment":[{"href":"https:\/\/www.seguradeba\u00f1os.com\/index.php\/wp-json\/wp\/v2\/media?parent=282"}],"wp:term":[{"taxonomy":"category","embeddable":true,"href":"https:\/\/www.seguradeba\u00f1os.com\/index.php\/wp-json\/wp\/v2\/categories?post=282"},{"taxonomy":"post_tag","embeddable":true,"href":"https:\/\/www.seguradeba\u00f1os.com\/index.php\/wp-json\/wp\/v2\/tags?post=282"}],"curies":[{"name":"wp","href":"https:\/\/api.w.org\/{rel}","templated":true}]}}