{"id":292,"date":"2018-05-25T18:55:17","date_gmt":"2018-05-25T18:55:17","guid":{"rendered":"https:\/\/www.xn--seguradebaos-jhb.com\/index.php\/2018\/05\/25\/el-camino-de-la-virgen-de-la-aliaga-2018-en-el-diario-de-tarragona\/"},"modified":"2018-05-25T18:55:17","modified_gmt":"2018-05-25T18:55:17","slug":"el-camino-de-la-virgen-de-la-aliaga-2018-en-el-diario-de-tarragona","status":"publish","type":"post","link":"https:\/\/www.seguradeba\u00f1os.com\/index.php\/2018\/05\/25\/el-camino-de-la-virgen-de-la-aliaga-2018-en-el-diario-de-tarragona\/","title":{"rendered":"EL CAMINO DE LA VIRGEN DE LA ALIAGA 2018 EN EL DIARIO DE TARRAGONA"},"content":{"rendered":"<p style=\"text-align: center;\"><span style=\"font-size: 12pt;\"><span style=\"font-size: 18pt;\"><span style=\"font-family: &amp;amp;amp;\"><strong><span style=\"color: #800000;\"><span style=\"font-family: &amp;amp;amp;\"><span style=\"font-family: &amp;amp;amp;\"><span style=\"font-family: &amp;amp;amp;\">EL CAMINO DE LA VIRGEN DE LA ALIAGA 2018 EN EL DIARIO DE TARRAGONA<\/span><\/span><\/span><\/span><\/strong><\/span><\/span><\/span><\/p>\n<p><span style=\"font-size: 12pt;\"><span style=\"font-family: &amp;amp;amp;\">&nbsp;<\/span><\/span><\/p>\n<p style=\"text-align: center;\"><img decoding=\"async\" style=\"font-family: &amp;amp;amp; font-size: 12pt;\" src=\"doc\/Miguel Millan\/Virgen Aliaga 2018\/diari.jpg\" \/><\/p>\n<p><span style=\"font-size: 12pt;\"><span style=\"font-family: &amp;amp;amp;\"><span style=\"font-family: &amp;amp;amp;\"><span style=\"font-family: &amp;amp;amp;\">El domingo 20\/05\/2018 sali\u00f3 publicada la gran fotograf\u00eda de los caminantes que realizaron el camino andando desde Segura de los Ba\u00f1os al Santuario de la Virgen de la Aliaga en este a\u00f1o 2018.<\/span><\/span><\/span><\/span><\/p>\n<p><span style=\"font-size: 12pt;\"><span style=\"font-family: &amp;amp;amp;\"><span style=\"font-family: &amp;amp;amp;\"><span style=\"font-family: &amp;amp;amp;\"><\/span><\/span><\/span><\/span><span style=\"font-family: &amp;amp;quot; font-size: 12pt;\">{gallery}\/Miguel Millan\/Virgen Aliaga 2108\/diari\/fototeca:100:100{\/gallery}<\/span><\/p>\n<p><span style=\"font-family: &amp;amp;quot; font-size: 12pt;\">Miguel Mill\u00e1n Ruiz<\/span><\/p>\n<p><a href=\"mailto:miguelmillan@seguradebanos.com\"><span style=\"font-size: 12pt;\"><span style=\"font-family: &amp;amp;amp;\"><span style=\"font-size: 12pt;\"><span style=\"font-family: &amp;amp;amp;\"><span style=\"font-size: 12pt;\"><span style=\"font-family: &amp;amp;amp;\">miguelmillan@seguradebanos.com<\/span><\/span><\/span><\/span><\/span><\/span><\/a><\/p>\n","protected":false},"excerpt":{"rendered":"<p>EL CAMINO DE LA VIRGEN DE LA ALIAGA 2018 EN EL DIARIO DE TARRAGONA &nbsp; El domingo 20\/05\/2018 sali\u00f3 publicada la gran fotograf\u00eda de los caminantes que realizaron el camino andando desde Segura de los Ba\u00f1os al Santuario de la Virgen de la Aliaga en este a\u00f1o 2018. {gallery}\/Miguel Millan\/Virgen Aliaga 2108\/diari\/fototeca:100:100{\/gallery} Miguel Mill\u00e1n Ruiz [&hellip;]<\/p>\n","protected":false},"author":1,"featured_media":0,"comment_status":"open","ping_status":"open","sticky":false,"template":"","format":"standard","meta":{"ngg_post_thumbnail":0,"footnotes":""},"categories":[30],"tags":[],"class_list":["post-292","post","type-post","status-publish","format-standard","hentry","category-virgen"],"_links":{"self":[{"href":"https:\/\/www.seguradeba\u00f1os.com\/index.php\/wp-json\/wp\/v2\/posts\/292","targetHints":{"allow":["GET"]}}],"collection":[{"href":"https:\/\/www.seguradeba\u00f1os.com\/index.php\/wp-json\/wp\/v2\/posts"}],"about":[{"href":"https:\/\/www.seguradeba\u00f1os.com\/index.php\/wp-json\/wp\/v2\/types\/post"}],"author":[{"embeddable":true,"href":"https:\/\/www.seguradeba\u00f1os.com\/index.php\/wp-json\/wp\/v2\/users\/1"}],"replies":[{"embeddable":true,"href":"https:\/\/www.seguradeba\u00f1os.com\/index.php\/wp-json\/wp\/v2\/comments?post=292"}],"version-history":[{"count":0,"href":"https:\/\/www.seguradeba\u00f1os.com\/index.php\/wp-json\/wp\/v2\/posts\/292\/revisions"}],"wp:attachment":[{"href":"https:\/\/www.seguradeba\u00f1os.com\/index.php\/wp-json\/wp\/v2\/media?parent=292"}],"wp:term":[{"taxonomy":"category","embeddable":true,"href":"https:\/\/www.seguradeba\u00f1os.com\/index.php\/wp-json\/wp\/v2\/categories?post=292"},{"taxonomy":"post_tag","embeddable":true,"href":"https:\/\/www.seguradeba\u00f1os.com\/index.php\/wp-json\/wp\/v2\/tags?post=292"}],"curies":[{"name":"wp","href":"https:\/\/api.w.org\/{rel}","templated":true}]}}