{"id":293,"date":"2018-08-10T16:35:49","date_gmt":"2018-08-10T16:35:49","guid":{"rendered":"https:\/\/www.xn--seguradebaos-jhb.com\/index.php\/2018\/08\/10\/16-camino-andando-desde-segura-de-los-banos-a-la-virgen-de-la-aliaga\/"},"modified":"2018-08-10T16:35:49","modified_gmt":"2018-08-10T16:35:49","slug":"16-camino-andando-desde-segura-de-los-banos-a-la-virgen-de-la-aliaga","status":"publish","type":"post","link":"https:\/\/www.seguradeba\u00f1os.com\/index.php\/2018\/08\/10\/16-camino-andando-desde-segura-de-los-banos-a-la-virgen-de-la-aliaga\/","title":{"rendered":"16 CAMINO ANDANDO DESDE SEGURA DE LOS BA\u00d1OS A LA VIRGEN DE LA ALIAGA"},"content":{"rendered":"<p style=\"text-align: center;\"><span style=\"font-size: 12pt;\"><span style=\"font-family: &amp;amp;amp;\"><span style=\"font-weight: bold;\"><span style=\"font-size: 14pt;\"><span style=\"font-family: &amp;amp;amp;\"><span style=\"font-size: 12pt;\"><span style=\"font-family: &amp;amp;amp;\"><span style=\"font-family: &amp;quot;comic sans ms&amp;quot;, sans-serif;\"><span style=\"font-family: &quot;comic sans ms&quot;, sans-serif;\">16 CAMINO ANDANDO DESDE SEGURA DE LOS BA\u00d1OS A LA VIRGEN DE LA ALIAGA<\/span><\/span><\/span><\/span><\/span><\/span><\/span><\/span><\/span><\/p>\n<p><strong><span style=\"font-size: 12pt;\"><span style=\"font-size: 12pt;\"><span style=\"font-family: &amp;amp;amp;\"><span style=\"font-size: 12pt;\"><span style=\"font-size: 12pt;\"><span style=\"font-family: &amp;amp;amp;\"><span style=\"font-size: 12pt;\"><span style=\"font-family: &amp;amp;amp;\"><span style=\"font-size: 12pt;\"><span style=\"font-family: &amp;quot;comic sans ms&amp;quot;, sans-serif;\"><span style=\"font-size: 12pt;\"><span style=\"font-family: &quot;comic sans ms&quot;, sans-serif;\"> <\/span><\/span><\/span><\/span><\/span><\/span><\/span><\/span><\/span><\/span><\/span><\/span><\/strong><\/p>\n<p style=\"text-align: justify;\"><em><span style=\"font-size: 12pt;\"><span style=\"font-size: 12pt;\"><span style=\"font-family: &amp;amp;amp;\"><span style=\"font-size: 12pt;\"><span style=\"font-size: 12pt;\"><span style=\"font-family: &amp;amp;amp;\"><span style=\"font-size: 12pt;\"><span style=\"font-family: &amp;amp;amp;\"><span style=\"font-size: 12pt;\"><span style=\"font-family: &amp;quot;comic sans ms&amp;quot;, sans-serif;\"><span style=\"font-size: 12pt;\"><span style=\"font-family: &quot;comic sans ms&quot;, sans-serif;\">La primavera con sus almendros, aliagas y gamones en floraci\u00f3n nos invita en el mes de Mayo a poder acudir a visitar a la Virgen de la Aliaga que nos est\u00e1 esperando y de esta forma no perder la costumbre de poder peregrinar haciendo el camino andando desde Segura de los Ba\u00f1os; este 16\u00ba camino ha sido el segundo s\u00e1bado de Mayo, que era el d\u00eda 12 y con una participaci\u00f3n de 86 personas. <\/span><\/span><\/span><\/span><\/span><\/span><\/span><\/span><\/span><\/span><\/span><\/span><\/em><\/p>\n<p><em><span style=\"font-size: 12pt;\"><span style=\"font-size: 12pt;\"><span style=\"font-family: &amp;amp;amp;\"><span style=\"font-size: 12pt;\"><span style=\"font-size: 12pt;\"><span style=\"font-family: &amp;amp;amp;\"><span style=\"font-size: 12pt;\"><span style=\"font-family: &amp;amp;amp;\"><span style=\"font-size: 12pt;\"><span style=\"font-family: &amp;quot;comic sans ms&amp;quot;, sans-serif;\"><span style=\"font-size: 12pt;\"><span style=\"font-family: &quot;comic sans ms&quot;, sans-serif;\"> <\/span><\/span><\/span><\/span><\/span><\/span><\/span><\/span><\/span><\/span><\/span><\/span><\/em><\/p>\n<p style=\"text-align: justify;\"><em><span style=\"font-size: 12pt;\"><span style=\"font-size: 12pt;\"><span style=\"font-family: &amp;amp;amp;\"><span style=\"font-size: 12pt;\"><span style=\"font-size: 12pt;\"><span style=\"font-family: &amp;amp;amp;\"><span style=\"font-size: 12pt;\"><span style=\"font-family: &amp;amp;amp;\"><span style=\"font-size: 12pt;\"><span style=\"font-family: &amp;quot;comic sans ms&amp;quot;, sans-serif;\"><span style=\"font-size: 12pt;\"><span style=\"font-family: &quot;comic sans ms&quot;, sans-serif;\">Los 10 pueblos que forman la Cofrad\u00eda de la Virgen de la Aliaga realizan las romer\u00edas al Santuario durante el mes de mayo, siendo siempre las m\u00e1s populares de las Cuencas Mineras a donde pertenecen los 10 municipios. Cada a\u00f1o nos reunimos con el pueblo de Anad\u00f3n; este a\u00f1o ha venido Cortes de Arag\u00f3n por motivos de calendario ya que siempre lo hac\u00eda en otra fecha. <\/span><\/span><\/span><\/span><\/span><\/span><\/span><\/span><\/span><\/span><\/span><\/span><\/em><\/p>\n<p><em><span style=\"font-size: 12pt;\"><span style=\"font-size: 12pt;\"><span style=\"font-family: &amp;amp;amp;\"><span style=\"font-size: 12pt;\"><span style=\"font-size: 12pt;\"><span style=\"font-family: &amp;amp;amp;\"><span style=\"font-size: 12pt;\"><span style=\"font-family: &amp;amp;amp;\"><span style=\"font-size: 12pt;\"><span style=\"font-family: &amp;quot;comic sans ms&amp;quot;, sans-serif;\"><span style=\"font-size: 12pt;\"><span style=\"font-family: &quot;comic sans ms&quot;, sans-serif;\"> <\/span><\/span><\/span><\/span><\/span><\/span><\/span><\/span><\/span><\/span><\/span><\/span><\/em><\/p>\n<p style=\"text-align: center;\"><span style=\"font-size: 12pt;\"><span style=\"font-size: 12pt;\"><span style=\"font-size: 12pt;\"><span style=\"font-family: &amp;amp;amp;\"><span style=\"font-size: 12pt;\"><span style=\"font-size: 12pt;\"><span style=\"font-family: &amp;amp;amp;\"><span style=\"font-size: 12pt;\"><span style=\"font-family: &amp;amp;amp;\"><span style=\"font-size: 12pt;\"><span style=\"font-family: &amp;quot;comic sans ms&amp;quot;, sans-serif;\"><span style=\"font-size: 12pt;\"><span style=\"font-family: &quot;comic sans ms&quot;, sans-serif;\"><img decoding=\"async\" src=\"doc\/Miguel Millan\/Virgen Aliaga 2018\/lindazos\/ALIAGA1.JPG\" \/><\/span><\/span><\/span><\/span><\/span><\/span><\/span><\/span><\/span><\/span><\/span><\/span><\/span><\/p>\n<p><em><span style=\"font-size: 12pt;\"><span style=\"font-size: 12pt;\"><span style=\"font-family: &amp;amp;amp;\"><span style=\"font-size: 12pt;\"><span style=\"font-size: 12pt;\"><span style=\"font-family: &amp;amp;amp;\"><span style=\"font-size: 12pt;\"><span style=\"font-family: &amp;amp;amp;\"><span style=\"font-size: 12pt;\"><span style=\"font-family: &amp;quot;comic sans ms&amp;quot;, sans-serif;\"><span style=\"font-size: 12pt;\"><span style=\"font-family: &quot;comic sans ms&quot;, sans-serif;\"> <\/span><\/span><\/span><\/span><\/span><\/span><\/span><\/span><\/span><\/span><\/span><\/span><\/em><\/p>\n<p style=\"text-align: justify;\"><em><span style=\"font-size: 12pt;\"><span style=\"font-size: 12pt;\"><span style=\"font-family: &amp;amp;amp;\"><span style=\"font-size: 12pt;\"><span style=\"font-size: 12pt;\"><span style=\"font-family: &amp;amp;amp;\"><span style=\"font-size: 12pt;\"><span style=\"font-family: &amp;amp;amp;\"><span style=\"font-size: 12pt;\"><span style=\"font-family: &amp;quot;comic sans ms&amp;quot;, sans-serif;\"><span style=\"font-size: 12pt;\"><span style=\"font-family: &quot;comic sans ms&quot;, sans-serif;\">El volteo de campanas de la Iglesia efectuado por Jes\u00fas, nos indica que el d\u00eda est\u00e1 bueno y podremos hacer el camino sin miedo a la climatolog\u00eda que nos anunciaban los m\u00f3viles ya que daban lluvias para este d\u00eda y por ello nos preparamos ropa de abrigo que poco a poco nos fuimos quitando ya que el sol apareci\u00f3 durante el camino y result\u00f3 ser un d\u00eda estupendo.<\/span><\/span><\/span><\/span><\/span><\/span><\/span><\/span><\/span><\/span><\/span><\/span><\/em><\/p>\n<p><em><span style=\"font-size: 12pt;\"><span style=\"font-size: 12pt;\"><span style=\"font-family: &amp;amp;amp;\"><span style=\"font-size: 12pt;\"><span style=\"font-size: 12pt;\"><span style=\"font-family: &amp;amp;amp;\"><span style=\"font-size: 12pt;\"><span style=\"font-family: &amp;amp;amp;\"><span style=\"font-size: 12pt;\"><span style=\"font-family: &amp;quot;comic sans ms&amp;quot;, sans-serif;\"><span style=\"font-size: 12pt;\"><span style=\"font-family: &quot;comic sans ms&quot;, sans-serif;\"> <\/span><\/span><\/span><\/span><\/span><\/span><\/span><\/span><\/span><\/span><\/span><\/span><\/em><\/p>\n<p style=\"text-align: center;\"><span style=\"font-size: 12pt;\"><span style=\"font-size: 12pt;\"><span style=\"font-size: 12pt;\"><span style=\"font-family: &amp;amp;amp;\"><span style=\"font-size: 12pt;\"><span style=\"font-size: 12pt;\"><span style=\"font-family: &amp;amp;amp;\"><span style=\"font-size: 12pt;\"><span style=\"font-family: &amp;amp;amp;\"><span style=\"font-size: 12pt;\"><span style=\"font-family: &amp;quot;comic sans ms&amp;quot;, sans-serif;\"><span style=\"font-size: 12pt;\"><span style=\"font-family: &quot;comic sans ms&quot;, sans-serif;\"><img decoding=\"async\" src=\"doc\/Miguel Millan\/Virgen Aliaga 2018\/lindazos\/ALIAGA2.JPG\" \/><\/span><\/span><\/span><\/span><\/span><\/span><\/span><\/span><\/span><\/span><\/span><\/span><\/span><\/p>\n<p><em><span style=\"font-size: 12pt;\"><span style=\"font-size: 12pt;\"><span style=\"font-family: &amp;amp;amp;\"><span style=\"font-size: 12pt;\"><span style=\"font-size: 12pt;\"><span style=\"font-family: &amp;amp;amp;\"><span style=\"font-size: 12pt;\"><span style=\"font-family: &amp;amp;amp;\"><span style=\"font-size: 12pt;\"><span style=\"font-family: &amp;quot;comic sans ms&amp;quot;, sans-serif;\"><span style=\"font-size: 12pt;\"><span style=\"font-family: &quot;comic sans ms&quot;, sans-serif;\"> <\/span><\/span><\/span><\/span><\/span><\/span><\/span><\/span><\/span><\/span><\/span><\/span><\/em><\/p>\n<p style=\"text-align: justify;\"><em><span style=\"font-size: 12pt;\"><span style=\"font-size: 12pt;\"><span style=\"font-family: &amp;amp;amp;\"><span style=\"font-size: 12pt;\"><span style=\"font-size: 12pt;\"><span style=\"font-family: &amp;amp;amp;\"><span style=\"font-size: 12pt;\"><span style=\"font-family: &amp;amp;amp;\"><span style=\"font-size: 12pt;\"><span style=\"font-family: &amp;quot;comic sans ms&amp;quot;, sans-serif;\"><span style=\"font-size: 12pt;\"><span style=\"font-family: &quot;comic sans ms&quot;, sans-serif;\">Hemos echado a faltar muchos caminantes que se hab\u00edan apuntado y no han podido venir hacer el camino andando, suponemos que ha sido por tener acontecimientos no previstos. En la puerta de la Iglesia dedicada a San Juan Bautista nos hicimos la foto tradicional de cada a\u00f1o. Como nadie ayuda a Jes\u00fas a llevar el estandarte, que es un s\u00edmbolo muy tradicional en el camino este a\u00f1o se qued\u00f3 en la Iglesia. Esperemos que al a\u00f1o pr\u00f3ximo la juventud se ponga las pilas y se anime a llevarlo hasta el Santuario y no perder la costumbre que la hemos ido heredando de nuestros antepasados.<\/span><\/span><\/span><\/span><\/span><\/span><\/span><\/span><\/span><\/span><\/span><\/span><\/em><\/p>\n<p><em><span style=\"font-size: 12pt;\"><span style=\"font-size: 12pt;\"><span style=\"font-family: &amp;amp;amp;\"><span style=\"font-size: 12pt;\"><span style=\"font-size: 12pt;\"><span style=\"font-family: &amp;amp;amp;\"><span style=\"font-size: 12pt;\"><span style=\"font-family: &amp;amp;amp;\"><span style=\"font-size: 12pt;\"><span style=\"font-family: &amp;quot;comic sans ms&amp;quot;, sans-serif;\"><span style=\"font-size: 12pt;\"><span style=\"font-family: &quot;comic sans ms&quot;, sans-serif;\"> <\/span><\/span><\/span><\/span><\/span><\/span><\/span><\/span><\/span><\/span><\/span><\/span><\/em><\/p>\n<p style=\"text-align: center;\"><span style=\"font-size: 12pt;\"><span style=\"font-size: 12pt;\"><span style=\"font-size: 12pt;\"><span style=\"font-family: &amp;amp;amp;\"><span style=\"font-size: 12pt;\"><span style=\"font-size: 12pt;\"><span style=\"font-family: &amp;amp;amp;\"><span style=\"font-size: 12pt;\"><span style=\"font-family: &amp;amp;amp;\"><span style=\"font-size: 12pt;\"><span style=\"font-family: &amp;quot;comic sans ms&amp;quot;, sans-serif;\"><span style=\"font-size: 12pt;\"><span style=\"font-family: &quot;comic sans ms&quot;, sans-serif;\"><img decoding=\"async\" src=\"doc\/Miguel Millan\/Virgen Aliaga 2018\/lindazos\/ALIAGA3.JPG\" \/><\/span><\/span><\/span><\/span><\/span><\/span><\/span><\/span><\/span><\/span><\/span><\/span><\/span><\/p>\n<p><em><span style=\"font-size: 12pt;\"><span style=\"font-size: 12pt;\"><span style=\"font-family: &amp;amp;amp;\"><span style=\"font-size: 12pt;\"><span style=\"font-size: 12pt;\"><span style=\"font-family: &amp;amp;amp;\"><span style=\"font-size: 12pt;\"><span style=\"font-family: &amp;amp;amp;\"><span style=\"font-size: 12pt;\"><span style=\"font-family: &amp;quot;comic sans ms&amp;quot;, sans-serif;\"><span style=\"font-size: 12pt;\"><span style=\"font-family: &quot;comic sans ms&quot;, sans-serif;\"> <\/span><\/span><\/span><\/span><\/span><\/span><\/span><\/span><\/span><\/span><\/span><\/span><\/em><\/p>\n<p style=\"text-align: justify;\"><em><span style=\"font-size: 12pt;\"><span style=\"font-size: 12pt;\"><span style=\"font-family: &amp;amp;amp;\"><span style=\"font-size: 12pt;\"><span style=\"font-size: 12pt;\"><span style=\"font-family: &amp;amp;amp;\"><span style=\"font-size: 12pt;\"><span style=\"font-family: &amp;amp;amp;\"><span style=\"font-size: 12pt;\"><span style=\"font-family: &amp;quot;comic sans ms&amp;quot;, sans-serif;\"><span style=\"font-size: 12pt;\"><span style=\"font-family: &quot;comic sans ms&quot;, sans-serif;\">Todos unidos como si fuese una procesi\u00f3n nos vamos desplazando por las calles del pueblo hasta llegar al camino de la bomba, donde al final del mismo se encuentra el Peir\u00f3n dedicado a San Juan y en su c\u00faspide hay colocada una aliaga florida en homenaje a la Virgen que se apareci\u00f3 a una pastora sobre esta clase de arbustos.<\/span><\/span><\/span><\/span><\/span><\/span><\/span><\/span><\/span><\/span><\/span><\/span><\/em><\/p>\n<p><strong><span style=\"font-size: 12pt;\"><span style=\"font-size: 12pt;\"><span style=\"font-family: &amp;amp;amp;\"><span style=\"font-size: 12pt;\"><span style=\"font-size: 12pt;\"><span style=\"font-family: &amp;amp;amp;\"><span style=\"font-size: 12pt;\"><span style=\"font-family: &amp;amp;amp;\"><span style=\"font-size: 12pt;\"><span style=\"font-family: &amp;quot;comic sans ms&amp;quot;, sans-serif;\"><span style=\"font-size: 12pt;\"><span style=\"font-family: &quot;comic sans ms&quot;, sans-serif;\"> <\/span><\/span><\/span><\/span><\/span><\/span><\/span><\/span><\/span><\/span><\/span><\/span><\/strong><\/p>\n<p style=\"text-align: justify;\"><em><span style=\"font-size: 12pt;\"><span style=\"font-size: 12pt;\"><span style=\"font-family: &amp;amp;amp;\"><span style=\"font-size: 12pt;\"><span style=\"font-size: 12pt;\"><span style=\"font-family: &amp;amp;amp;\"><span style=\"font-size: 12pt;\"><span style=\"font-family: &amp;amp;amp;\"><span style=\"font-size: 12pt;\"><span style=\"font-family: &amp;quot;comic sans ms&amp;quot;, sans-serif;\"><span style=\"font-size: 12pt;\"><span style=\"font-family: &quot;comic sans ms&quot;, sans-serif;\">A partir de este lugar los j\u00f3venes ponen la directa y se distancian del grupo ya que para ellos se debe tratar de una carrera y en realidad lo que pretendemos es hacer el camino todos unidos en buena armon\u00eda, que es lo bonito en esta clase de caminatas y donde no hay l\u00edmite de edad para ir andando hasta la Virgen de la Aliaga. En este camino siempre ha habido personas mayores que han ido haci\u00e9ndolo a\u00f1o tras a\u00f1o y esperamos que nos puedan acompa\u00f1ar durante muchos a\u00f1os.<\/span><\/span><\/span><\/span><\/span><\/span><\/span><\/span><\/span><\/span><\/span><\/span><\/em><\/p>\n<p><em><span style=\"font-size: 12pt;\"><span style=\"font-size: 12pt;\"><span style=\"font-family: &amp;amp;amp;\"><span style=\"font-size: 12pt;\"><span style=\"font-size: 12pt;\"><span style=\"font-family: &amp;amp;amp;\"><span style=\"font-size: 12pt;\"><span style=\"font-family: &amp;amp;amp;\"><span style=\"font-size: 12pt;\"><span style=\"font-family: &amp;quot;comic sans ms&amp;quot;, sans-serif;\"><span style=\"font-size: 12pt;\"><span style=\"font-family: &quot;comic sans ms&quot;, sans-serif;\"> <\/span><\/span><\/span><\/span><\/span><\/span><\/span><\/span><\/span><\/span><\/span><\/span><\/em><\/p>\n<p><em><span style=\"font-size: 12pt;\"><span style=\"font-size: 12pt;\"><span style=\"font-family: &amp;amp;amp;\"><span style=\"font-size: 12pt;\"><span style=\"font-size: 12pt;\"><span style=\"font-family: &amp;amp;amp;\"><span style=\"font-size: 12pt;\"><span style=\"font-family: &amp;amp;amp;\"><span style=\"font-size: 12pt;\"><span style=\"font-family: &amp;quot;comic sans ms&amp;quot;, sans-serif;\"><span style=\"font-size: 12pt;\"><span style=\"font-family: &quot;comic sans ms&quot;, sans-serif;\"> <\/span><\/span><\/span><\/span><\/span><\/span><\/span><\/span><\/span><\/span><\/span><\/span><\/em><\/p>\n<p style=\"text-align: center;\"><span style=\"font-size: 12pt;\"><span style=\"font-size: 12pt;\"><span style=\"font-size: 12pt;\"><span style=\"font-family: &amp;amp;amp;\"><span style=\"font-size: 12pt;\"><span style=\"font-size: 12pt;\"><span style=\"font-family: &amp;amp;amp;\"><span style=\"font-size: 12pt;\"><span style=\"font-family: &amp;amp;amp;\"><span style=\"font-size: 12pt;\"><span style=\"font-family: &amp;quot;comic sans ms&amp;quot;, sans-serif;\"><span style=\"font-size: 12pt;\"><span style=\"font-family: &quot;comic sans ms&quot;, sans-serif;\"><img decoding=\"async\" src=\"doc\/Miguel Millan\/Virgen Aliaga 2018\/lindazos\/ALIAGA4.JPG\" \/><\/span><\/span><\/span><\/span><\/span><\/span><\/span><\/span><\/span><\/span><\/span><\/span><\/span><\/p>\n<p><em><span style=\"font-size: 12pt;\"><span style=\"font-size: 12pt;\"><span style=\"font-family: &amp;amp;amp;\"><span style=\"font-size: 12pt;\"><span style=\"font-size: 12pt;\"><span style=\"font-family: &amp;amp;amp;\"><span style=\"font-size: 12pt;\"><span style=\"font-family: &amp;amp;amp;\"><span style=\"font-size: 12pt;\"><span style=\"font-family: &amp;quot;comic sans ms&amp;quot;, sans-serif;\"><span style=\"font-size: 12pt;\"><span style=\"font-family: &quot;comic sans ms&quot;, sans-serif;\"> <\/span><\/span><\/span><\/span><\/span><\/span><\/span><\/span><\/span><\/span><\/span><\/span><\/em><\/p>\n<p style=\"text-align: justify;\"><em><span style=\"font-size: 12pt;\"><span style=\"font-size: 12pt;\"><span style=\"font-family: &amp;amp;amp;\"><span style=\"font-size: 12pt;\"><span style=\"font-size: 12pt;\"><span style=\"font-family: &amp;amp;amp;\"><span style=\"font-size: 12pt;\"><span style=\"font-family: &amp;amp;amp;\"><span style=\"font-size: 12pt;\"><span style=\"font-family: &amp;quot;comic sans ms&amp;quot;, sans-serif;\"><span style=\"font-size: 12pt;\"><span style=\"font-family: &quot;comic sans ms&quot;, sans-serif;\">Cruzamos la carretera y entramos en el camino de la \u00abPimpollada\u00bb hacia los \u00abOjuelos\u00bb donde nos encontramos con el pastor que cuida un reba\u00f1o de vacas. Estos animales vinieron desde Andaluc\u00eda a las monta\u00f1as de Segura, por ser un terreno propicio para esta clase de ganado por su abundancia de hierba, tambi\u00e9n pudimos ver alg\u00fan que otro ternero de corta edad que hab\u00eda nacido en este paraje.<\/span><\/span><\/span><\/span><\/span><\/span><\/span><\/span><\/span><\/span><\/span><\/span><\/em><\/p>\n<p><em><span style=\"font-size: 12pt;\"><span style=\"font-size: 12pt;\"><span style=\"font-family: &amp;amp;amp;\"><span style=\"font-size: 12pt;\"><span style=\"font-size: 12pt;\"><span style=\"font-family: &amp;amp;amp;\"><span style=\"font-size: 12pt;\"><span style=\"font-family: &amp;amp;amp;\"><span style=\"font-size: 12pt;\"><span style=\"font-family: &amp;quot;comic sans ms&amp;quot;, sans-serif;\"><span style=\"font-size: 12pt;\"><span style=\"font-family: &quot;comic sans ms&quot;, sans-serif;\"> <\/span><\/span><\/span><\/span><\/span><\/span><\/span><\/span><\/span><\/span><\/span><\/span><\/em><\/p>\n<p style=\"text-align: center;\"><span style=\"font-size: 12pt;\"><span style=\"font-size: 12pt;\"><span style=\"font-size: 12pt;\"><span style=\"font-family: &amp;amp;amp;\"><span style=\"font-size: 12pt;\"><span style=\"font-size: 12pt;\"><span style=\"font-family: &amp;amp;amp;\"><span style=\"font-size: 12pt;\"><span style=\"font-family: &amp;amp;amp;\"><span style=\"font-size: 12pt;\"><span style=\"font-family: &amp;quot;comic sans ms&amp;quot;, sans-serif;\"><span style=\"font-size: 12pt;\"><span style=\"font-family: &quot;comic sans ms&quot;, sans-serif;\"><img decoding=\"async\" src=\"doc\/Miguel Millan\/Virgen Aliaga 2018\/lindazos\/ALIAGA5.JPG\" \/><\/span><\/span><\/span><\/span><\/span><\/span><\/span><\/span><\/span><\/span><\/span><\/span><\/span><\/p>\n<p><em><span style=\"font-size: 12pt;\"><span style=\"font-size: 12pt;\"><span style=\"font-family: &amp;amp;amp;\"><span style=\"font-size: 12pt;\"><span style=\"font-size: 12pt;\"><span style=\"font-family: &amp;amp;amp;\"><span style=\"font-size: 12pt;\"><span style=\"font-family: &amp;amp;amp;\"><span style=\"font-size: 12pt;\"><span style=\"font-family: &amp;quot;comic sans ms&amp;quot;, sans-serif;\"><span style=\"font-size: 12pt;\"><span style=\"font-family: &quot;comic sans ms&quot;, sans-serif;\"> <\/span><\/span><\/span><\/span><\/span><\/span><\/span><\/span><\/span><\/span><\/span><\/span><\/em><\/p>\n<p style=\"text-align: justify;\"><em><span style=\"font-size: 12pt;\"><span style=\"font-size: 12pt;\"><span style=\"font-family: &amp;amp;amp;\"><span style=\"font-size: 12pt;\"><span style=\"font-size: 12pt;\"><span style=\"font-family: &amp;amp;amp;\"><span style=\"font-size: 12pt;\"><span style=\"font-family: &amp;amp;amp;\"><span style=\"font-size: 12pt;\"><span style=\"font-family: &amp;quot;comic sans ms&amp;quot;, sans-serif;\"><span style=\"font-size: 12pt;\"><span style=\"font-family: &quot;comic sans ms&quot;, sans-serif;\">Vamos contemplando los campos todos ellos verdes de trigo, pero necesitados del principal alimento para ellos que es el agua. El&nbsp; motivo de ir a la Virgen no es otro que hacerle prerrogativas para que nos conceda agua tanto para la fauna como para la flora y que los r\u00edos y fuentes que hay en todo el termino puedan tener agua tan necesaria para sobrevivir.<\/span><\/span><\/span><\/span><\/span><\/span><\/span><\/span><\/span><\/span><\/span><\/span><\/em><\/p>\n<p style=\"text-align: justify;\"><span style=\"font-size: 12pt;\"><span style=\"font-size: 12pt;\"><span style=\"font-family: &amp;amp;amp;\"><span style=\"font-size: 12pt;\"><span style=\"font-size: 12pt;\"><span style=\"font-family: &amp;amp;amp;\"><span style=\"font-size: 12pt;\"><span style=\"font-family: &amp;amp;amp;\"><span style=\"font-size: 12pt;\"><span style=\"font-family: &amp;quot;comic sans ms&amp;quot;, sans-serif;\"><span style=\"font-size: 12pt;\"><span style=\"font-family: &quot;comic sans ms&quot;, sans-serif;\">Los ni\u00f1os de corta edad que vienen acompa\u00f1ados de sus padres o familiares quedan&nbsp; maravillados de todo el paraje que van recorriendo. En el \u00abCorral de las Vueltas\u00bb se hace la primera parada, donde se ve a lo lejos la silueta de Segura y aprovechamos unos minutos para llenar de ox\u00edgeno nuestros pulmones, ya que no hay contaminaci\u00f3n de ninguna clase y a estas horas de la ma\u00f1ana el aire sabe a gloria.<\/span><\/span><\/span><\/span><\/span><\/span><\/span><\/span><\/span><\/span><\/span><\/span><\/p>\n<p style=\"text-align: center;\"><span style=\"font-size: 12pt;\"><span style=\"font-size: 12pt;\"><span style=\"font-size: 12pt;\"><span style=\"font-family: &amp;amp;amp;\"><span style=\"font-size: 12pt;\"><span style=\"font-size: 12pt;\"><span style=\"font-family: &amp;amp;amp;\"><span style=\"font-size: 12pt;\"><span style=\"font-family: &amp;amp;amp;\"><span style=\"font-size: 12pt;\"><span style=\"font-family: &amp;quot;comic sans ms&amp;quot;, sans-serif;\"><span style=\"font-size: 12pt;\"><span style=\"font-family: &quot;comic sans ms&quot;, sans-serif;\"><img decoding=\"async\" src=\"doc\/Miguel Millan\/Virgen Aliaga 2018\/lindazos\/ALIAGA6.JPG\" \/><\/span><\/span><\/span><\/span><\/span><\/span><\/span><\/span><\/span><\/span><\/span><\/span><\/span><\/p>\n<p style=\"text-align: justify;\"><span style=\"font-size: 12pt;\"><span style=\"font-size: 12pt;\"><span style=\"font-family: &amp;amp;amp;\"><span style=\"font-size: 12pt;\"><span style=\"font-size: 12pt;\"><span style=\"font-family: &amp;amp;amp;\"><span style=\"font-size: 12pt;\"><span style=\"font-family: &amp;amp;amp;\"><span style=\"font-size: 12pt;\"><span style=\"font-family: &amp;quot;comic sans ms&amp;quot;, sans-serif;\"><span style=\"font-size: 12pt;\"><span style=\"font-family: &quot;comic sans ms&quot;, sans-serif;\">Las personas que andamos cada vez vamos mejor equipadas y en la senda de la \u00abBajada del Alto\u00bb pasando por \u00abLa Escaleruela\u201d &nbsp;hasta el balsete del Rey muchos de nosotros llevamos bastones de senderismo que mejoran notablemente el equilibrio, ya que pasamos de tener 2 puntos de apoyo a tener 3 o 4. Tambi\u00e9n nos ayudan a proteger las articulaciones y as\u00ed evitar posibles lesiones. Por \u00faltimo, los bastones nos facilitan la distribuci\u00f3n del esfuerzo entre brazos y piernas.<\/span><\/span><\/span><\/span><\/span><\/span><\/span><\/span><\/span><\/span><\/span><\/span><\/p>\n<p style=\"text-align: center;\"><span style=\"font-size: 12pt;\"><span style=\"font-size: 12pt;\"><span style=\"font-size: 12pt;\"><span style=\"font-family: &amp;amp;amp;\"><span style=\"font-size: 12pt;\"><span style=\"font-size: 12pt;\"><span style=\"font-family: &amp;amp;amp;\"><span style=\"font-size: 12pt;\"><span style=\"font-family: &amp;amp;amp;\"><span style=\"font-size: 12pt;\"><span style=\"font-family: &amp;quot;comic sans ms&amp;quot;, sans-serif;\"><span style=\"font-size: 12pt;\"><span style=\"font-family: &quot;comic sans ms&quot;, sans-serif;\"><img decoding=\"async\" src=\"doc\/Miguel Millan\/Virgen Aliaga 2018\/lindazos\/ALIAGA7.JPG\" \/><\/span><\/span><\/span><\/span><\/span><\/span><\/span><\/span><\/span><\/span><\/span><\/span><\/span><\/p>\n<p style=\"text-align: justify;\"><span style=\"font-size: 12pt;\"><span style=\"font-size: 12pt;\"><span style=\"font-family: &amp;amp;amp;\"><span style=\"font-size: 12pt;\"><span style=\"font-size: 12pt;\"><span style=\"font-family: &amp;amp;amp;\"><span style=\"font-size: 12pt;\"><span style=\"font-family: &amp;amp;amp;\"><span style=\"font-size: 12pt;\"><span style=\"font-family: &amp;quot;comic sans ms&amp;quot;, sans-serif;\"><span style=\"font-size: 12pt;\"><span style=\"font-family: &quot;comic sans ms&quot;, sans-serif;\">En el balsete hacemos la segunda parada y vemos que el agua esta al m\u00ednimo por la poca agua que ha llovido. El agua llega por escurriduras de sus alrededores, este balsete serv\u00eda para beber la ovejas cuando en el pueblo hab\u00eda varios reba\u00f1os de ganado ovino que pastaban por este paraje. En las orillas se desarrollan juncos y arenas y de esta forma el agua es m\u00e1s rica.<\/span><\/span><\/span><\/span><\/span><\/span><\/span><\/span><\/span><\/span><\/span><\/span><\/p>\n<p style=\"text-align: justify;\"><span style=\"font-size: 12pt;\"><span style=\"font-size: 12pt;\"><span style=\"font-family: &amp;amp;amp;\"><span style=\"font-size: 12pt;\"><span style=\"font-size: 12pt;\"><span style=\"font-family: &amp;amp;amp;\"><span style=\"font-size: 12pt;\"><span style=\"font-family: &amp;amp;amp;\"><span style=\"font-size: 12pt;\"><span style=\"font-family: &amp;quot;comic sans ms&amp;quot;, sans-serif;\"><span style=\"font-size: 12pt;\"><span style=\"font-family: &quot;comic sans ms&quot;, sans-serif;\">Una vez en la carretera pasamos por el \u201cCarrascal\u201d y es donde se juntan los t\u00e9rminos de Segura de los Ba\u00f1os con Maicas y llegamos a la \u00abSalve\u00bb, donde en d\u00edas claros dice la leyenda que se ve la Virgen de Herrera, esta historia siempre nos la han contando nuestros padres y abuelos y cada a\u00f1o vamos mirando pero nos cuesta mucho apreciarla a lo lejos.<\/span><\/span><\/span><\/span><\/span><\/span><\/span><\/span><\/span><\/span><\/span><\/span><\/p>\n<p style=\"text-align: center;\"><span style=\"font-size: 12pt;\"><span style=\"font-size: 12pt;\"><span style=\"font-size: 12pt;\"><span style=\"font-family: &amp;amp;amp;\"><span style=\"font-size: 12pt;\"><span style=\"font-size: 12pt;\"><span style=\"font-family: &amp;amp;amp;\"><span style=\"font-size: 12pt;\"><span style=\"font-family: &amp;amp;amp;\"><span style=\"font-size: 12pt;\"><span style=\"font-family: &amp;quot;comic sans ms&amp;quot;, sans-serif;\"><span style=\"font-size: 12pt;\"><span style=\"font-family: &quot;comic sans ms&quot;, sans-serif;\"><img decoding=\"async\" src=\"doc\/Miguel Millan\/Virgen Aliaga 2018\/lindazos\/ALIAGA8.JPG\" \/><\/span><\/span><\/span><\/span><\/span><\/span><\/span><\/span><\/span><\/span><\/span><\/span><\/span><\/p>\n<p style=\"text-align: justify;\"><span style=\"font-size: 12pt;\"><span style=\"font-size: 12pt;\"><span style=\"font-family: &amp;amp;amp;\"><span style=\"font-size: 12pt;\"><span style=\"font-size: 12pt;\"><span style=\"font-family: &amp;amp;amp;\"><span style=\"font-size: 12pt;\"><span style=\"font-family: &amp;amp;amp;\"><span style=\"font-size: 12pt;\"><span style=\"font-family: &amp;quot;comic sans ms&amp;quot;, sans-serif;\"><span style=\"font-size: 12pt;\"><span style=\"font-family: &quot;comic sans ms&quot;, sans-serif;\">Una vez terminado el avituallamiento que nos ofrece la Asociaci\u00f3n \u00abEl Castillo\u00bb a base de productos c\u00e1rnicos como lo es el jam\u00f3n y embutidos de la comarca, todo ello acompa\u00f1ado de refrescos&nbsp; y caf\u00e9 nos da fuerza para continuar el camino.<\/span><\/span><\/span><\/span><\/span><\/span><\/span><\/span><\/span><\/span><\/span><\/span><\/p>\n<p style=\"text-align: justify;\"><span style=\"font-size: 12pt;\"><span style=\"font-size: 12pt;\"><span style=\"font-family: &amp;amp;amp;\"><span style=\"font-size: 12pt;\"><span style=\"font-size: 12pt;\"><span style=\"font-family: &amp;amp;amp;\"><span style=\"font-size: 12pt;\"><span style=\"font-family: &amp;amp;amp;\"><span style=\"font-size: 12pt;\"><span style=\"font-family: &amp;quot;comic sans ms&amp;quot;, sans-serif;\"><span style=\"font-size: 12pt;\"><span style=\"font-family: &quot;comic sans ms&quot;, sans-serif;\">Las personas que han efectuado el camino andando de mayor y menor edad son \u00c1ngel Royo Andreu de 69 a\u00f1os y Enrique Ferreruela Prats de 4 a\u00f1os, y los mismos recibir\u00e1n del patrocinador un trofeo de recuerdo de este d\u00eda en la fiesta de la Asociaci\u00f3n \u201cEl Castillo\u201d que se celebrar\u00e1 el primer s\u00e1bado de Septiembre.<\/span><\/span><\/span><\/span><\/span><\/span><\/span><\/span><\/span><\/span><\/span><\/span><\/p>\n<p style=\"text-align: center;\"><span style=\"font-size: 12pt;\"><span style=\"font-size: 12pt;\"><span style=\"font-size: 12pt;\"><span style=\"font-family: &amp;amp;amp;\"><span style=\"font-size: 12pt;\"><span style=\"font-size: 12pt;\"><span style=\"font-family: &amp;amp;amp;\"><span style=\"font-size: 12pt;\"><span style=\"font-family: &amp;amp;amp;\"><span style=\"font-size: 12pt;\"><span style=\"font-family: &amp;quot;comic sans ms&amp;quot;, sans-serif;\"><span style=\"font-size: 12pt;\"><span style=\"font-family: &quot;comic sans ms&quot;, sans-serif;\"><img decoding=\"async\" src=\"doc\/Miguel Millan\/Virgen Aliaga 2018\/lindazos\/ALIAGA9.JPG\" \/><\/span><\/span><\/span><\/span><\/span><\/span><\/span><\/span><\/span><\/span><\/span><\/span><\/span><\/p>\n<p style=\"text-align: justify;\"><span style=\"font-size: 12pt;\"><span style=\"font-size: 12pt;\"><span style=\"font-family: &amp;amp;amp;\"><span style=\"font-size: 12pt;\"><span style=\"font-size: 12pt;\"><span style=\"font-family: &amp;amp;amp;\"><span style=\"font-size: 12pt;\"><span style=\"font-family: &amp;amp;amp;\"><span style=\"font-size: 12pt;\"><span style=\"font-family: &amp;quot;comic sans ms&amp;quot;, sans-serif;\"><span style=\"font-size: 12pt;\"><span style=\"font-family: &quot;comic sans ms&quot;, sans-serif;\">La llegada al Santuario fue escalonada y donde pudimos abrazar y saludar a nuestros familiares y amigos que hab\u00edan llegado para estar este d\u00eda con nosotros. Por la escalera que hay detr\u00e1s del Altar Mayor llegamos al Camar\u00edn donde est\u00e1 la imagen de la Virgen para poderla adorar y pedirle que nos acompa\u00f1e este d\u00eda tan inolvidable para nosotros como el resto del a\u00f1o.<\/span><\/span><\/span><\/span><\/span><\/span><\/span><\/span><\/span><\/span><\/span><\/span><\/p>\n<p style=\"text-align: center;\"><span style=\"font-size: 12pt;\"><span style=\"font-size: 12pt;\"><span style=\"font-size: 12pt;\"><span style=\"font-family: &amp;amp;amp;\"><span style=\"font-size: 12pt;\"><span style=\"font-size: 12pt;\"><span style=\"font-family: &amp;amp;amp;\"><span style=\"font-size: 12pt;\"><span style=\"font-family: &amp;amp;amp;\"><span style=\"font-size: 12pt;\"><span style=\"font-family: &amp;quot;comic sans ms&amp;quot;, sans-serif;\"><span style=\"font-size: 12pt;\"><span style=\"font-family: &quot;comic sans ms&quot;, sans-serif;\"><img decoding=\"async\" src=\"doc\/Miguel Millan\/Virgen Aliaga 2018\/lindazos\/ALIAGA10.JPG\" \/><\/span><\/span><\/span><\/span><\/span><\/span><\/span><\/span><\/span><\/span><\/span><\/span><\/span><\/p>\n<p style=\"text-align: justify;\"><span style=\"font-size: 12pt;\"><span style=\"font-size: 12pt;\"><span style=\"font-family: &amp;amp;amp;\"><span style=\"font-size: 12pt;\"><span style=\"font-size: 12pt;\"><span style=\"font-family: &amp;amp;amp;\"><span style=\"font-size: 12pt;\"><span style=\"font-family: &amp;amp;amp;\"><span style=\"font-size: 12pt;\"><span style=\"font-family: &amp;quot;comic sans ms&amp;quot;, sans-serif;\"><span style=\"font-size: 12pt;\"><span style=\"font-family: &quot;comic sans ms&quot;, sans-serif;\">El refresco se celebr\u00f3 en el sal\u00f3n de la casa del Santero, lugar restaurado y apropiado para estas celebraciones, siendo todo a cargo del Ayuntamiento de Segura, donde no faltaron las galletas, refrescos y licores que a estas horas apetecen y m\u00e1s a los que hemos hecho el camino andando.<\/span><\/span><\/span><\/span><\/span><\/span><\/span><\/span><\/span><\/span><\/span><\/span><\/p>\n<p style=\"text-align: justify;\"><span style=\"font-size: 12pt;\"><span style=\"font-size: 12pt;\"><span style=\"font-family: &amp;amp;amp;\"><span style=\"font-size: 12pt;\"><span style=\"font-family: &amp;amp;amp;\"><span style=\"font-size: 12pt;\"><span style=\"font-family: &amp;quot;comic sans ms&amp;quot;, sans-serif;\"><span style=\"font-size: 12pt;\"><span style=\"font-family: &quot;comic sans ms&quot;, sans-serif;\"><span style=\"font-family: &amp;amp;amp;\">He<\/span>mos quedado sorprendidos al ver salir de la Iglesia al P\u00e1rroco que muchos de nosotros no conoc\u00edamos y resulta que era Elkin Otilara de la Parroquia de Montalb\u00e1n y atravesando el patio exterior se traslad\u00f3 a las afueras del Santuario pr\u00f3ximo a la puerta principal de entrada y quedamos alucinados cuando efectu\u00f3 la bendici\u00f3n de los campos, ceremonia que &nbsp;nunca hab\u00edamos visto y que nos pareci\u00f3 muy bonita.<\/span><\/span><\/span><\/span><\/span><\/span><\/span><\/span><\/span><\/p>\n<p style=\"text-align: center;\"><span style=\"font-size: 12pt;\"><span style=\"font-size: 12pt;\"><span style=\"font-size: 12pt;\"><span style=\"font-family: &amp;amp;amp;\"><span style=\"font-size: 12pt;\"><span style=\"font-size: 12pt;\"><span style=\"font-family: &amp;amp;amp;\"><span style=\"font-size: 12pt;\"><span style=\"font-family: &amp;amp;amp;\"><span style=\"font-size: 12pt;\"><span style=\"font-family: &amp;quot;comic sans ms&amp;quot;, sans-serif;\"><span style=\"font-size: 12pt;\"><span style=\"font-family: &quot;comic sans ms&quot;, sans-serif;\"><img decoding=\"async\" src=\"doc\/Miguel Millan\/Virgen Aliaga 2018\/lindazos\/ALIAGA11.JPG\" \/><\/span><\/span><\/span><\/span><\/span><\/span><\/span><\/span><\/span><\/span><\/span><\/span><\/span><\/p>\n<p><span style=\"font-size: 12pt;\"><span style=\"font-size: 12pt;\"><span style=\"font-family: &amp;amp;amp;\"><span style=\"font-size: 12pt;\"><span style=\"font-family: &amp;amp;amp;\"><span style=\"font-size: 12pt;\"><span style=\"font-family: &amp;quot;comic sans ms&amp;quot;, sans-serif;\"><span style=\"font-size: 12pt;\"><span style=\"font-family: &quot;comic sans ms&quot;, sans-serif;\">La celebraci\u00f3n de la Eucarist\u00eda estuvo presidida por la camiseta que los caminantes ofrecemos cada a\u00f1o a la Virgen y por una peque\u00f1a imagen tallada en&nbsp; alabastro de la Virgen de la Aliaga ubicada encima del altar mayor que se sortear\u00e1 entre las personas que adquieran participaciones. Con la recaudaci\u00f3n se podr\u00e1n hacer obras en el Santuario consistentes en arreglar la fachada principal con la colocaci\u00f3n de la talla de la Virgen en la Hornacina que hoy d\u00eda no hay nada, as\u00ed como colocar la cruz y campana para que la fachada quede como anta\u00f1o. Por ello animo a la gente a que colabore ya que todo esto es beneficio de una buena causa.<\/span><\/span><\/span><\/span><\/span><\/span><\/span><\/span><\/span><\/p>\n<p style=\"text-align: center;\"><span style=\"font-size: 12pt;\"><span style=\"font-family: &amp;amp;amp;\"><span style=\"font-size: 12pt;\"><span style=\"font-family: &amp;quot;comic sans ms&amp;quot;, sans-serif;\"><span style=\"font-size: 12pt;\"><span style=\"font-family: &quot;comic sans ms&quot;, sans-serif;\"><span style=\"font-family: &amp;amp;amp;\"><span style=\"font-family: &amp;amp;amp;\"><img loading=\"lazy\" decoding=\"async\" height=\"220\" width=\"320\" src=\"doc\/Miguel Millan\/Virgen Aliaga 2018\/lindazos\/ALIAGA12-1.JPG\" \/>&nbsp; &nbsp; &nbsp; &nbsp; &nbsp; &nbsp; &nbsp; &nbsp;&nbsp;<\/span><\/span><img loading=\"lazy\" decoding=\"async\" height=\"220\" width=\"320\" src=\"doc\/Miguel Millan\/Virgen Aliaga 2018\/lindazos\/ALIAGA12-2.JPG\" style=\"font-size: 12pt;\" \/><\/span><\/span><\/span><\/span><\/span><\/span><\/p>\n<p><span style=\"font-size: 12pt;\"><span style=\"font-size: 12pt;\"><span style=\"font-family: &amp;amp;amp;\"><span style=\"font-size: 12pt;\"><span style=\"font-family: &amp;amp;amp;\"><span style=\"font-size: 12pt;\"><span style=\"font-family: &amp;quot;comic sans ms&amp;quot;, sans-serif;\"><span style=\"font-size: 12pt;\"><span style=\"font-family: &quot;comic sans ms&quot;, sans-serif;\">Al finalizar la misa quedamos un poco sorprendidos ya que el p\u00e1rroco no dec\u00eda nada de hacer&nbsp; procesi\u00f3n y es cuando se le tuvo que informar que la tradici\u00f3n se ha de continuar y \u00e9l muy amablemente lo entendi\u00f3 y se comenz\u00f3 a organizar la procesi\u00f3n con la imagen de la Virgen de la Aliaga llevada a hombros por mujeres de Segura, ya que es el \u00fanico pueblo que tiene el privilegio de sacar en procesi\u00f3n a la Virgen, por haber colaborado en la reconstrucci\u00f3n del templo.<\/span><\/span><\/span><\/span><\/span><\/span><\/span><\/span><\/span><\/p>\n<p style=\"text-align: center;\"><span style=\"font-size: 12pt;\"><span style=\"font-size: 12pt;\"><span style=\"font-size: 12pt;\"><span style=\"font-family: &amp;amp;amp;\"><span style=\"font-size: 12pt;\"><span style=\"font-size: 12pt;\"><span style=\"font-family: &amp;amp;amp;\"><span style=\"font-size: 12pt;\"><span style=\"font-family: &amp;amp;amp;\"><span style=\"font-size: 12pt;\"><span style=\"font-family: &amp;quot;comic sans ms&amp;quot;, sans-serif;\"><span style=\"font-size: 12pt;\"><span style=\"font-family: &quot;comic sans ms&quot;, sans-serif;\"><img decoding=\"async\" src=\"doc\/Miguel Millan\/Virgen Aliaga 2018\/lindazos\/ALIAGA13.JPG\" \/><\/span><\/span><\/span><\/span><\/span><\/span><\/span><\/span><\/span><\/span><\/span><\/span><\/span><\/p>\n<p><span style=\"font-size: 12pt;\"><span style=\"font-size: 12pt;\"><span style=\"font-family: &amp;amp;amp;\"><span style=\"font-size: 12pt;\"><span style=\"font-family: &amp;amp;amp;\"><span style=\"font-size: 12pt;\"><span style=\"font-family: &amp;quot;comic sans ms&amp;quot;, sans-serif;\"><span style=\"font-size: 12pt;\"><span style=\"font-family: &quot;comic sans ms&quot;, sans-serif;\">El d\u00eda festivo concluye con una&nbsp; buena comida, principalmente asado de carnes en los fogones que hay en el patio del Santuario y que la gente de Segura baj\u00f3 le\u00f1a de carrasca que siempre da un sabor a los alimentos.<\/span><\/span><\/span><\/span><\/span><\/span><\/span><\/span><\/span><\/p>\n<p><span style=\"font-size: 12pt;\"><span style=\"font-size: 12pt;\"><span style=\"font-family: &amp;amp;amp;\"><span style=\"font-size: 12pt;\"><span style=\"font-family: &amp;amp;amp;\"><span style=\"font-size: 12pt;\"><span style=\"font-family: &amp;quot;comic sans ms&amp;quot;, sans-serif;\"><span style=\"font-size: 12pt;\"><span style=\"font-family: &quot;comic sans ms&quot;, sans-serif;\">Como \u00faltima sorpresa en este d\u00eda fue que lleg\u00f3 la hora de las flores y el P\u00e1rroco se hab\u00eda marchado, de haberlo sabido nosotros mismos hubi\u00e9semos organizado&nbsp; el c\u00e1ntico de las flores y la fiesta hubiese sido total. Pero todo en la vida no puede salir bien y con un poco de nostalgia tuvimos que pasar a despedirnos&nbsp; de la Virgen hasta el a\u00f1o pr\u00f3ximo, si la salud nos acompa\u00f1a.<\/span><\/span><\/span><\/span><\/span><\/span><\/span><\/span><\/span><\/p>\n<p style=\"text-align: center;\"><span style=\"font-size: 12pt;\"><span style=\"font-size: 12pt;\"><span style=\"font-size: 12pt;\"><span style=\"font-family: &amp;amp;amp;\"><span style=\"font-size: 12pt;\"><span style=\"font-size: 12pt;\"><span style=\"font-family: &amp;amp;amp;\"><span style=\"font-size: 12pt;\"><span style=\"font-family: &amp;amp;amp;\"><span style=\"font-size: 12pt;\"><span style=\"font-family: &amp;quot;comic sans ms&amp;quot;, sans-serif;\"><span style=\"font-size: 12pt;\"><span style=\"font-family: &quot;comic sans ms&quot;, sans-serif;\"><img decoding=\"async\" src=\"doc\/Miguel Millan\/Virgen Aliaga 2018\/lindazos\/ALIAGA14.JPG\" \/><\/span><\/span><\/span><\/span><\/span><\/span><\/span><\/span><\/span><\/span><\/span><\/span><\/span><\/p>\n<p><span style=\"font-size: 12pt;\"><span style=\"font-size: 12pt;\"><span style=\"font-family: &amp;amp;amp;\"><span style=\"font-size: 12pt;\"><span style=\"font-family: &amp;amp;amp;\"><span style=\"font-size: 12pt;\"><span style=\"font-family: &amp;quot;comic sans ms&amp;quot;, sans-serif;\"><span style=\"font-size: 12pt;\"><span style=\"font-family: &quot;comic sans ms&quot;, sans-serif;\">Los caminantes Oscar y Jordi se decidieron de nuevo hacer el retorno del camino andando hasta Segura en el que tambi\u00e9n se agreg\u00f3 Jos\u00e9.<\/span><\/span><\/span><\/span><\/span><\/span><\/span><\/span><\/span><\/p>\n<p><span style=\"font-size: 12pt;\"><span style=\"font-size: 12pt;\"><span style=\"font-family: &amp;amp;amp;\"><span style=\"font-size: 12pt;\"><span style=\"font-family: &amp;amp;amp;\"><span style=\"font-size: 12pt;\"><span style=\"font-family: &amp;quot;comic sans ms&amp;quot;, sans-serif;\"><span style=\"font-size: 12pt;\"><span style=\"font-family: &quot;comic sans ms&quot;, sans-serif;\">Miguel Mill\u00e1n Ruiz<\/span><\/span><\/span><\/span><\/span><\/span><\/span><\/span><\/span><\/p>\n<p><a href=\"mailto:miguelmillan@seguradebanos.com\"><span style=\"font-size: 12pt;\"><span style=\"font-size: 12pt;\"><span style=\"font-family: &amp;amp;amp;\"><span style=\"font-size: 12pt;\"><span style=\"font-family: &amp;amp;amp;\"><span style=\"font-size: 12pt;\"><span style=\"font-family: &amp;quot;comic sans ms&amp;quot;, sans-serif;\"><span style=\"font-size: 12pt;\"><span style=\"font-family: &quot;comic sans ms&quot;, sans-serif;\">miguelmillan@seguradebanos.com<\/span><\/span><\/span><\/span><\/span><\/span><\/span><\/span><\/span><\/a><\/p>\n","protected":false},"excerpt":{"rendered":"<p>16 CAMINO ANDANDO DESDE SEGURA DE LOS BA\u00d1OS A LA VIRGEN DE LA ALIAGA La primavera con sus almendros, aliagas y gamones en floraci\u00f3n nos invita en el mes de Mayo a poder acudir a visitar a la Virgen de la Aliaga que nos est\u00e1 esperando y de esta forma no perder la costumbre de [&hellip;]<\/p>\n","protected":false},"author":1,"featured_media":0,"comment_status":"open","ping_status":"open","sticky":false,"template":"","format":"standard","meta":{"ngg_post_thumbnail":0,"footnotes":""},"categories":[30],"tags":[],"class_list":["post-293","post","type-post","status-publish","format-standard","hentry","category-virgen"],"_links":{"self":[{"href":"https:\/\/www.seguradeba\u00f1os.com\/index.php\/wp-json\/wp\/v2\/posts\/293","targetHints":{"allow":["GET"]}}],"collection":[{"href":"https:\/\/www.seguradeba\u00f1os.com\/index.php\/wp-json\/wp\/v2\/posts"}],"about":[{"href":"https:\/\/www.seguradeba\u00f1os.com\/index.php\/wp-json\/wp\/v2\/types\/post"}],"author":[{"embeddable":true,"href":"https:\/\/www.seguradeba\u00f1os.com\/index.php\/wp-json\/wp\/v2\/users\/1"}],"replies":[{"embeddable":true,"href":"https:\/\/www.seguradeba\u00f1os.com\/index.php\/wp-json\/wp\/v2\/comments?post=293"}],"version-history":[{"count":0,"href":"https:\/\/www.seguradeba\u00f1os.com\/index.php\/wp-json\/wp\/v2\/posts\/293\/revisions"}],"wp:attachment":[{"href":"https:\/\/www.seguradeba\u00f1os.com\/index.php\/wp-json\/wp\/v2\/media?parent=293"}],"wp:term":[{"taxonomy":"category","embeddable":true,"href":"https:\/\/www.seguradeba\u00f1os.com\/index.php\/wp-json\/wp\/v2\/categories?post=293"},{"taxonomy":"post_tag","embeddable":true,"href":"https:\/\/www.seguradeba\u00f1os.com\/index.php\/wp-json\/wp\/v2\/tags?post=293"}],"curies":[{"name":"wp","href":"https:\/\/api.w.org\/{rel}","templated":true}]}}