{"id":295,"date":"2018-08-31T17:02:20","date_gmt":"2018-08-31T17:02:20","guid":{"rendered":"https:\/\/www.xn--seguradebaos-jhb.com\/index.php\/2018\/08\/31\/dia-del-sitio-2018-en-la-virgen-de-la-aliaga\/"},"modified":"2018-08-31T17:02:20","modified_gmt":"2018-08-31T17:02:20","slug":"dia-del-sitio-2018-en-la-virgen-de-la-aliaga","status":"publish","type":"post","link":"https:\/\/www.seguradeba\u00f1os.com\/index.php\/2018\/08\/31\/dia-del-sitio-2018-en-la-virgen-de-la-aliaga\/","title":{"rendered":"DIA DEL SITIO 2018  EN LA VIRGEN DE LA ALIAGA"},"content":{"rendered":"<p align=\"center\"><span style=\"font-size: 12pt;\"><span style=\"font-size: 18pt;\"><span style=\"font-family: &amp;amp;amp;\"><strong><span style=\"text-decoration: underline;\"><span style=\"font-family: &amp;amp;amp;\">DIA DEL SITIO 2018<\/span><span style=\"font-family: &amp;amp;amp;\">&nbsp;<\/span><\/span><\/strong><strong><span style=\"text-decoration: underline;\"><span style=\"font-size: 18pt;\"><span style=\"font-family: &amp;amp;amp;\">EN LA VIRGEN DE LA ALIAGA<\/span><\/span><\/span><\/strong><\/span><\/span><\/span><\/p>\n<p align=\"center\"><strong><span style=\"text-decoration: underline;\"><span style=\"font-size: 12pt;\"><span style=\"font-size: 18pt;\"><span style=\"font-family: &amp;amp;amp;\"> <\/span><\/span><\/span><\/span><\/strong><\/p>\n<p><span style=\"font-size: 12pt;\"><span style=\"font-family: &amp;amp;amp;\">El primer s\u00e1bado del mes de Septiembre se viene celebrando el \u00abD\u00eda del Sitio\u00bb en el Santuario de la Virgen de la Aliaga, siendo este a\u00f1o el d\u00eda primero de mes.<\/span><\/span><\/p>\n<p style=\"text-align: center;\"><img decoding=\"async\" src=\"doc\/Miguel Millan\/SitioVirgenAliaga2018\/virgen.jpg\" \/><\/p>\n<p><span style=\"font-size: 12pt;\"><span style=\"font-family: &amp;amp;amp;\">Despu\u00e9s de esperar un a\u00f1o entero y tener planeado poder acudir a visitar a la Virgen, a \u00faltima hora y por motivos de agenda, no me es posible desplazarme, poder estar presente en este evento que tanto me reconforta y poder pasar unas horas con familiares, amigos y conocidos; espero poder acudir al a\u00f1o pr\u00f3ximo.<\/span><\/span><\/p>\n<p><span style=\"font-size: 12pt;\"><span style=\"font-family: &amp;amp;amp;\"> <\/span><\/span><\/p>\n<p><span style=\"font-size: 12pt;\"><span style=\"font-family: &amp;amp;amp;\">Espero que la climatolog\u00eda os acompa\u00f1e y se pueda celebrar con brillantez este d\u00eda tan esperado por todos los que pod\u00e9is acudir al Santuario para volver a visitar a la Virgen.<\/span><\/span><\/p>\n<p><strong><span style=\"font-size: 12pt;\"><span style=\"font-family: &amp;amp;amp;\"> <\/span><\/span><\/strong><\/p>\n<p style=\"text-align: center;\"><img decoding=\"async\" src=\"doc\/Miguel Millan\/SitioVirgenAliaga2018\/sitio.jpg\" \/><\/p>\n<p><span style=\"font-size: 12pt;\"><span style=\"font-family: &amp;amp;amp;\"> El programa de actos supongo que ser\u00e1 como cada a\u00f1o; no he podido localizar ninguna informaci\u00f3n pero trascribo el del a\u00f1o pasado.<\/span><\/span><\/p>\n<p><span style=\"font-size: 12pt;\"><span style=\"font-family: &amp;amp;amp;\"> <\/span><\/span><\/p>\n<p><span style=\"font-size: 12pt;\"><span style=\"font-family: &amp;amp;amp;\">*11:15 h. Concentraci\u00f3n de los pueblos en la Fuente de Cortes.<\/span><\/span><\/p>\n<p><span style=\"font-size: 12pt;\"><span style=\"font-family: &amp;amp;amp;\"><span style=\"font-family: &amp;amp;amp;\">*12:00 h. Santa Misa. B<\/span><span style=\"font-size: 11.04px;\"><span style=\"font-size: 12pt;\"><span style=\"font-family: &amp;amp;amp;\">endici\u00f3n e imposici\u00f3n de medallas de cofrade.<\/span><\/span><\/span><\/span><\/span><\/p>\n<p><em><span style=\"font-size: 12pt;\"><span style=\"font-family: &amp;amp;amp;\"> <\/span><\/span><\/em><\/p>\n<p><span style=\"font-size: 12pt;\"><span style=\"font-family: &amp;amp;amp;\">Pueblos que pertenecen a la Cofrad\u00eda de la Sant\u00edsima Virgen de la Aliaga: Anad\u00f3n, Blesa, Huesa del Com\u00fan, Josa, La Hoz de la Vieja, Maicas, Muniesa, Plou, Segura de los Ba\u00f1os y Cortes de Arag\u00f3n.&nbsp;<\/span><\/span><\/p>\n<p><span style=\"font-size: 12pt;\"><span style=\"font-family: &amp;amp;amp;\">Miguel Mill\u00e1n Ruiz<\/span><\/span><\/p>\n<p><a href=\"mailto:miguelmillan@seguradebanos.com\"><span style=\"font-size: 12pt;\"><span style=\"font-family: &amp;amp;amp;\">miguelmillan@seguradebanos.com<\/span><\/span><\/a><\/p>\n","protected":false},"excerpt":{"rendered":"<p>DIA DEL SITIO 2018&nbsp;EN LA VIRGEN DE LA ALIAGA El primer s\u00e1bado del mes de Septiembre se viene celebrando el \u00abD\u00eda del Sitio\u00bb en el Santuario de la Virgen de la Aliaga, siendo este a\u00f1o el d\u00eda primero de mes. Despu\u00e9s de esperar un a\u00f1o entero y tener planeado poder acudir a visitar a la [&hellip;]<\/p>\n","protected":false},"author":1,"featured_media":0,"comment_status":"open","ping_status":"open","sticky":false,"template":"","format":"standard","meta":{"ngg_post_thumbnail":0,"footnotes":""},"categories":[30],"tags":[],"class_list":["post-295","post","type-post","status-publish","format-standard","hentry","category-virgen"],"_links":{"self":[{"href":"https:\/\/www.seguradeba\u00f1os.com\/index.php\/wp-json\/wp\/v2\/posts\/295","targetHints":{"allow":["GET"]}}],"collection":[{"href":"https:\/\/www.seguradeba\u00f1os.com\/index.php\/wp-json\/wp\/v2\/posts"}],"about":[{"href":"https:\/\/www.seguradeba\u00f1os.com\/index.php\/wp-json\/wp\/v2\/types\/post"}],"author":[{"embeddable":true,"href":"https:\/\/www.seguradeba\u00f1os.com\/index.php\/wp-json\/wp\/v2\/users\/1"}],"replies":[{"embeddable":true,"href":"https:\/\/www.seguradeba\u00f1os.com\/index.php\/wp-json\/wp\/v2\/comments?post=295"}],"version-history":[{"count":0,"href":"https:\/\/www.seguradeba\u00f1os.com\/index.php\/wp-json\/wp\/v2\/posts\/295\/revisions"}],"wp:attachment":[{"href":"https:\/\/www.seguradeba\u00f1os.com\/index.php\/wp-json\/wp\/v2\/media?parent=295"}],"wp:term":[{"taxonomy":"category","embeddable":true,"href":"https:\/\/www.seguradeba\u00f1os.com\/index.php\/wp-json\/wp\/v2\/categories?post=295"},{"taxonomy":"post_tag","embeddable":true,"href":"https:\/\/www.seguradeba\u00f1os.com\/index.php\/wp-json\/wp\/v2\/tags?post=295"}],"curies":[{"name":"wp","href":"https:\/\/api.w.org\/{rel}","templated":true}]}}